{"id":153092,"date":"2025-11-15T19:49:19","date_gmt":"2025-11-15T19:49:19","guid":{"rendered":"https:\/\/www.europesays.com\/pt\/153092\/"},"modified":"2025-11-15T19:49:19","modified_gmt":"2025-11-15T19:49:19","slug":"momentos-de-aflicao-em-vila-do-conde-juro-que-so-pensei-vou-morrer-aqui-afogada","status":"publish","type":"post","link":"https:\/\/www.europesays.com\/pt\/153092\/","title":{"rendered":"Momentos de afli\u00e7\u00e3o em Vila do Conde. &#8220;Juro que s\u00f3 pensei: &#8216;Vou morrer aqui afogada'&#8221;"},"content":{"rendered":"<p data-remotead-prev-elm=\"true\" data-remotead-elm-id=\"inread\">&#8220;Juro que s\u00f3 pensei: Vou morrer aqui afogada&#8221;, continua a contar Concei\u00e7\u00e3o, sem conseguir conter as l\u00e1grimas. S\u00f3 via a \u00e1gua a subir. Vive sozinha. Com as estradas todas cortadas, os filhos n\u00e3o conseguiam l\u00e1 chegar. Teve medo, &#8220;muito medo&#8221;. Valeu-lhe a vizinha da frente, que &#8220;atravessou a rua agarrada ao marido e a um pau, com \u00e1gua pela cintura&#8221;, para a ir amparar. Eram 5 horas. \u00c0s 10.30, Concei\u00e7\u00e3o ainda tinha a cave da casa com \u00e1gua at\u00e9 ao teto. Perdeu tudo o que l\u00e1 estava: a cozinha, o fog\u00e3o, as arcas com roupas, o ferro de engomar, a arca frigor\u00edfica. Entre os vizinhos, h\u00e1 quem tenha ficado &#8220;quase sem nada&#8221;.<\/p>\n<p><img decoding=\"async\" class=\"ngx-body\" guid=\"966fa183-f882-40ec-9204-876e1ba5f3a8\" src=\"https:\/\/www.europesays.com\/pt\/wp-content\/uploads\/2025\/11\/1763236154_804_image.jpg\" width=\"100%\"\/><img decoding=\"async\" class=\"ngx-body\" guid=\"1b497330-3323-4dd7-a433-4ab8737cd75b\" src=\"https:\/\/www.europesays.com\/pt\/wp-content\/uploads\/2025\/11\/1763236155_271_image.jpg\" width=\"100%\"\/><img decoding=\"async\" class=\"ngx-body\" guid=\"b6a22af7-f0f4-4c29-b92d-03be2b55d38b\" src=\"https:\/\/www.europesays.com\/pt\/wp-content\/uploads\/2025\/11\/1763236156_95_image.jpg\" width=\"100%\"\/><img decoding=\"async\" class=\"ngx-body\" guid=\"3d8f788c-496e-48d7-b870-7cdc47e6de02\" src=\"https:\/\/www.europesays.com\/pt\/wp-content\/uploads\/2025\/11\/1763236157_812_image.jpg\" width=\"100%\"\/><img decoding=\"async\" class=\"ngx-body\" guid=\"cde6ce05-3652-4dc7-bf01-04809ad1b5bf\" src=\"https:\/\/www.europesays.com\/pt\/wp-content\/uploads\/2025\/11\/1763236159_148_image.jpg\" width=\"100%\"\/><br \/>Fotos: Ana Trocado Marques<\/p>\n<p>&#8220;Foram horas muito dif\u00edceis! Entre as 3 e as 6.30 horas, era tanta chuva e trovoada que, \u00e0s 7, eu ainda n\u00e3o tinha conseguido c\u00e1 chegar. Tivemos a rua da Lage cortada, a EN13 cortada, n\u00e3o havia como passar. Felizmente, os moradores trabalharam em comunidade e ajudaram-se uns aos outros&#8221;, contou o vice-presidente da Junta de Freguesia de Modivas, Paulo Costa, que, desde as primeiras horas da manh\u00e3, est\u00e1 no terreno a ajudar.<\/p>\n<p>Acesso exclusivo a assinantes<\/p>\n<p>Acesso ilimitado a conte\u00fados exclusivos<\/p>\n<p>Navega\u00e7\u00e3o sem publicidade intrusiva<\/p>\n<p>Vers\u00e3o digital do jornal, suplementos e revistas<\/p>\n","protected":false},"excerpt":{"rendered":"&#8220;Juro que s\u00f3 pensei: Vou morrer aqui afogada&#8221;, continua a contar Concei\u00e7\u00e3o, sem conseguir conter as l\u00e1grimas. S\u00f3&hellip;\n","protected":false},"author":2,"featured_media":153093,"comment_status":"","ping_status":"","sticky":false,"template":"","format":"standard","meta":{"footnotes":""},"categories":[8],"tags":[27,28,21398,15,16,14,9412,25,26,21,22,8532,12,13,19,20,32,23,24,33,17,18,29,30,31],"class_list":{"0":"post-153092","1":"post","2":"type-post","3":"status-publish","4":"format-standard","5":"has-post-thumbnail","7":"category-principais-noticias","8":"tag-breaking-news","9":"tag-breakingnews","10":"tag-concelho-vila-do-conde","11":"tag-featured-news","12":"tag-featurednews","13":"tag-headlines","14":"tag-inundacoes","15":"tag-latest-news","16":"tag-latestnews","17":"tag-main-news","18":"tag-mainnews","19":"tag-mau-tempo","20":"tag-news","21":"tag-noticias","22":"tag-noticias-principais","23":"tag-noticiasprincipais","24":"tag-portugal","25":"tag-principais-noticias","26":"tag-principaisnoticias","27":"tag-pt","28":"tag-top-stories","29":"tag-topstories","30":"tag-ultimas","31":"tag-ultimas-noticias","32":"tag-ultimasnoticias"},"share_on_mastodon":{"url":"https:\/\/pubeurope.com\/@pt\/115555452523380592","error":""},"_links":{"self":[{"href":"https:\/\/www.europesays.com\/pt\/wp-json\/wp\/v2\/posts\/153092","targetHints":{"allow":["GET"]}}],"collection":[{"href":"https:\/\/www.europesays.com\/pt\/wp-json\/wp\/v2\/posts"}],"about":[{"href":"https:\/\/www.europesays.com\/pt\/wp-json\/wp\/v2\/types\/post"}],"author":[{"embeddable":true,"href":"https:\/\/www.europesays.com\/pt\/wp-json\/wp\/v2\/users\/2"}],"replies":[{"embeddable":true,"href":"https:\/\/www.europesays.com\/pt\/wp-json\/wp\/v2\/comments?post=153092"}],"version-history":[{"count":0,"href":"https:\/\/www.europesays.com\/pt\/wp-json\/wp\/v2\/posts\/153092\/revisions"}],"wp:featuredmedia":[{"embeddable":true,"href":"https:\/\/www.europesays.com\/pt\/wp-json\/wp\/v2\/media\/153093"}],"wp:attachment":[{"href":"https:\/\/www.europesays.com\/pt\/wp-json\/wp\/v2\/media?parent=153092"}],"wp:term":[{"taxonomy":"category","embeddable":true,"href":"https:\/\/www.europesays.com\/pt\/wp-json\/wp\/v2\/categories?post=153092"},{"taxonomy":"post_tag","embeddable":true,"href":"https:\/\/www.europesays.com\/pt\/wp-json\/wp\/v2\/tags?post=153092"}],"curies":[{"name":"wp","href":"https:\/\/api.w.org\/{rel}","templated":true}]}}