{"id":153094,"date":"2025-11-15T19:50:14","date_gmt":"2025-11-15T19:50:14","guid":{"rendered":"https:\/\/www.europesays.com\/pt\/153094\/"},"modified":"2025-11-15T19:50:14","modified_gmt":"2025-11-15T19:50:14","slug":"rita-batista-se-despede-do-e-de-casa-e-anuncia-novo-destino","status":"publish","type":"post","link":"https:\/\/www.europesays.com\/pt\/153094\/","title":{"rendered":"Rita Batista se despede do \u00c9 De Casa e anuncia novo destino"},"content":{"rendered":"<p><strong>Rita Batista<\/strong> se despediu do <strong>\u00c9 De Casa<\/strong> neste s\u00e1bado (15). Ap\u00f3s tr\u00eas anos, a apresentadora passar\u00e1 a se dedicar \u00e0 atua\u00e7\u00e3o. Ela passou em um teste para o elenco de <strong>A Nobreza do Amor<\/strong>, pr\u00f3xima novela das seis da Globo.<\/p>\n<p>&#8220;Estou muito feliz. Durante esses tr\u00eas anos, junto com meus companheiros de jornada, eu brincava que \u00e9ramos os inquilinos mais felizes do Brasil&#8221;, declarou a jornalista, emocionada com a sua despedida do projeto.<\/p>\n<p>+ <a href=\"https:\/\/natelinha.uol.com.br\/televisao\/2025\/11\/15\/quais-canais-de-tv-bolsonaro-tera-direito-na-papuda-233962.php\" rel=\"nofollow noopener\" target=\"_blank\">Quais canais de TV Bolsonaro ter\u00e1 direito na Papuda<\/a><\/p>\n<p>continua depois da publicidade<\/p>\n<p>+ <a href=\"https:\/\/natelinha.uol.com.br\/televisao\/2025\/11\/14\/bruna-marquezine-desabafa-sobre-cobrancas-e-expoe-crise-dos-30-muito-cruel-233939.php\" rel=\"nofollow noopener\" target=\"_blank\">Bruna Marquezine desabafa sobre cobran\u00e7as e exp\u00f5e crise dos 30: &#8220;Muito cruel&#8221;<\/a><\/p>\n<p>&#8220;Estou fazendo uma transi\u00e7\u00e3o dentro da TV Globo. Em mar\u00e7o estreia o novo sucesso das 6, vou fazer uma participa\u00e7\u00e3o em A Nobreza do Amor. Fiz um teste e passei. Essa novela fala de um amor real e fabular, uma pessoa que foge da \u00c1frica e vem para c\u00e1. Essa novela acontece nos anos 20, no interior do Rio Grande do Norte. Ser\u00e1 uma experi\u00eancia nova&#8221;, explicou Rita Batista.<\/p>\n<p>Al\u00e9m da baiana, o \u00c9 De Casa tamb\u00e9m deixa de contar com Thelma Assis no Bem Estar &#8211; o formato ser\u00e1 apresentado por Maria Beltr\u00e3o a partir de agora. A campe\u00e3 do BBB 20 responder\u00e1 pelo quadro apenas no Encontro, em substitui\u00e7\u00e3o a Val\u00e9ria Almeida.<\/p>\n<p>continua depois da publicidade<\/p>\n<p>Maria Beltr\u00e3o e Thiago Oliveira se despedem de Rita Batista<\/p>\n<p><img decoding=\"async\" loading=\"lazy\" class=\"horizontal\" src=\"https:\/\/www.europesays.com\/pt\/wp-content\/uploads\/2025\/11\/rita-batista_465.jpeg\" alt=\"Rita Batista se despede do \u00c9 De Casa e anuncia novo destino\"\/><\/p>\n<p>No \u00c9 De Casa deste s\u00e1bado, Rita Batista recebeu\u00a0homenagens\u00a0de <a href=\"https:\/\/natelinha.uol.com.br\/famosos\/tudo-sobre\/maria-beltrao\" rel=\"nofollow noopener\" target=\"_blank\">Maria Beltr\u00e3o<\/a> e <a href=\"https:\/\/natelinha.uol.com.br\/famosos\/tudo-sobre\/thiago-oliveira\" rel=\"nofollow noopener\" target=\"_blank\">Thiago Oliveira<\/a>.<\/p>\n<p>&#8220;\u00c9 um privil\u00e9gio trabalhar com a Rita, talento, versatilidade, nasceu para comunicar e faz qualquer coisa. \u00c9 uma amiga e eu te amo. O que voc\u00ea faz, voc\u00ea \u00e9 boa porque voc\u00ea \u00e9 extraordin\u00e1ria&#8221;, declarou Beltr\u00e3o.<\/p>\n<p>&#8220;Ritinha, todo sucesso do mundo. Obrigado pelos nossos momentos juntos no ar, em casa, com a minha fam\u00edlia e em todos os cantos. Voc\u00ea me ensinou a me olhar diferente, voc\u00ea \u00e9 luz na minha vida com toda sua espiritualidade. Vou sentir sua falta, mas meu cora\u00e7\u00e3o tem a certeza do seu sucesso nesse novo desafio. Te Amo&#8221;, afirmou Thiago.<\/p>\n<p>continua depois da publicidade<\/p>\n","protected":false},"excerpt":{"rendered":"Rita Batista se despediu do \u00c9 De Casa neste s\u00e1bado (15). Ap\u00f3s tr\u00eas anos, a apresentadora passar\u00e1 a&hellip;\n","protected":false},"author":2,"featured_media":153095,"comment_status":"","ping_status":"","sticky":false,"template":"","format":"standard","meta":{"footnotes":""},"categories":[145],"tags":[211,210,8098,114,115,32,33,33052],"class_list":{"0":"post-153094","1":"post","2":"type-post","3":"status-publish","4":"format-standard","5":"has-post-thumbnail","7":"category-celebridades","8":"tag-celebridades","9":"tag-celebrities","10":"tag-e-de-casa","11":"tag-entertainment","12":"tag-entretenimento","13":"tag-portugal","14":"tag-pt","15":"tag-rita-batista"},"share_on_mastodon":{"url":"https:\/\/pubeurope.com\/@pt\/115555455735176010","error":""},"_links":{"self":[{"href":"https:\/\/www.europesays.com\/pt\/wp-json\/wp\/v2\/posts\/153094","targetHints":{"allow":["GET"]}}],"collection":[{"href":"https:\/\/www.europesays.com\/pt\/wp-json\/wp\/v2\/posts"}],"about":[{"href":"https:\/\/www.europesays.com\/pt\/wp-json\/wp\/v2\/types\/post"}],"author":[{"embeddable":true,"href":"https:\/\/www.europesays.com\/pt\/wp-json\/wp\/v2\/users\/2"}],"replies":[{"embeddable":true,"href":"https:\/\/www.europesays.com\/pt\/wp-json\/wp\/v2\/comments?post=153094"}],"version-history":[{"count":0,"href":"https:\/\/www.europesays.com\/pt\/wp-json\/wp\/v2\/posts\/153094\/revisions"}],"wp:featuredmedia":[{"embeddable":true,"href":"https:\/\/www.europesays.com\/pt\/wp-json\/wp\/v2\/media\/153095"}],"wp:attachment":[{"href":"https:\/\/www.europesays.com\/pt\/wp-json\/wp\/v2\/media?parent=153094"}],"wp:term":[{"taxonomy":"category","embeddable":true,"href":"https:\/\/www.europesays.com\/pt\/wp-json\/wp\/v2\/categories?post=153094"},{"taxonomy":"post_tag","embeddable":true,"href":"https:\/\/www.europesays.com\/pt\/wp-json\/wp\/v2\/tags?post=153094"}],"curies":[{"name":"wp","href":"https:\/\/api.w.org\/{rel}","templated":true}]}}