{"id":1531,"date":"2025-07-25T20:32:07","date_gmt":"2025-07-25T20:32:07","guid":{"rendered":"https:\/\/www.europesays.com\/pt\/1531\/"},"modified":"2025-07-25T20:32:07","modified_gmt":"2025-07-25T20:32:07","slug":"mercado-mais-um-jovem-do-amora-a-dar-passo-gigante-na-carreira","status":"publish","type":"post","link":"https:\/\/www.europesays.com\/pt\/1531\/","title":{"rendered":"Mercado: Mais um jovem do Amora a dar passo gigante na carreira"},"content":{"rendered":"<p class=\"summary\">Elton Jesus, extremo direito dos sub-19, \u00e9 refor\u00e7o do G\u00e9nova<\/p>\n<p>Depois das transfer\u00eancias de Afner C\u00e1, Rafael Carreira e Vasco Sousa, foi a vez de Elton Jesus dar um grande passo na carreira. O extremo portugu\u00eas de 19 anos j\u00e1 est\u00e1 em It\u00e1lia e \u00e9 refor\u00e7o do <a target=\"_blank\" class=\"editor-link autolink-enabled\" href=\"https:\/\/www.abola.pt\/futebol\/genova-276\" data-resource-id=\"276\" data-resource-type=\"team\" data-sport=\"football\" rel=\"nofollow noopener\">G\u00e9nova<\/a>, proveniente do <a target=\"_blank\" class=\"editor-link autolink-enabled\" href=\"https:\/\/www.abola.pt\/futebol\/amora-4758\" data-resource-id=\"4758\" data-resource-type=\"team\" data-sport=\"football\" rel=\"nofollow noopener\">Amora<\/a>. O clube portugu\u00eas fica ainda com 20% do passe. Este foi mais um neg\u00f3cio feito pela SAD do Amora que pertence \u00e0 Odemira Capital, de Jos\u00e9 Mar\u00eda Gallego.<\/p>\n<p><a class=\"news-item-image\" href=\"https:\/\/www.abola.pt\/futebol\/noticias\/oficial-amora-transfere-dois-jogadores-para-a-laliga-2025071822221459552\" rel=\"nofollow noopener\" target=\"_blank\"><img alt=\"Oficial: Amora transfere dois jogadores para a LaLiga\" src=\"data:image\/gif;base64,R0lGODlhAQABAIAAAAAAAP\/\/\/yH5BAEAAAAALAAAAAABAAEAAAIBRAA7\" decoding=\"async\" data-nimg=\"responsive\" class=\"side-article lazy-load\" style=\"position:absolute;top:0;left:0;bottom:0;right:0;box-sizing:border-box;padding:0;border:none;margin:auto;display:block;width:0;height:0;min-width:100%;max-width:100%;min-height:100%;max-height:100%\"\/><\/a><\/p>\n<p class=\"news-item-description ellipsis-2-line\">H\u00e1 um terceiro que tamb\u00e9m segue para Espanha, mas para a 2.\u00aa divis\u00e3o<\/p>\n<p>Elton Jesus tem forma\u00e7\u00e3o dividida entre <a target=\"_blank\" class=\"editor-link autolink-enabled\" href=\"https:\/\/www.abola.pt\/futebol\/amora-4758\" data-resource-id=\"4758\" data-resource-type=\"team\" data-sport=\"football\" rel=\"nofollow noopener\">Amora<\/a>, onde passou grande parte do tempo, Barreirense e <a target=\"_blank\" class=\"editor-link autolink-enabled\" href=\"https:\/\/www.abola.pt\/futebol\/belenenses-24794\" data-resource-id=\"24794\" data-resource-type=\"team\" data-sport=\"football\" rel=\"nofollow noopener\">Belenenses<\/a>. Na \u00e9poca passada representou as equipas de sub-19, sub-22 e B do <a target=\"_blank\" class=\"editor-link autolink-enabled\" href=\"https:\/\/www.abola.pt\/futebol\/amora-4758\" data-resource-id=\"4758\" data-resource-type=\"team\" data-sport=\"football\" rel=\"nofollow noopener\">Amora<\/a>, tendo conquistado o Campeonato da AF Set\u00fabal de sub-22, no qual fez dois jogos e marcou tr\u00eas golos.<\/p>\n<p>Recorde-se que este \u00e9 o quarto jovem jogador que o <a class=\"autolink-enabled\" data-resource-id=\"4758\" data-resource-type=\"team\" data-sport=\"football\" href=\"https:\/\/www.abola.pt\/futebol\/amora-4758\" rel=\"nofollow noopener\" target=\"_blank\">Amora<\/a> transfere para outros patamares. Afner C\u00e1 foi para o Levante, Rafael Carreira para o <a class=\"autolink-enabled\" data-resource-id=\"715\" data-resource-type=\"team\" data-sport=\"football\" href=\"https:\/\/www.abola.pt\/futebol\/cadiz-715\" rel=\"nofollow noopener\" target=\"_blank\">C\u00e1diz<\/a>, Vasco Sousa para o Real B\u00e9tis e agora Elton Jesus para o <a class=\"autolink-enabled\" data-resource-id=\"276\" data-resource-type=\"team\" data-sport=\"football\" href=\"https:\/\/www.abola.pt\/futebol\/genova-276\" rel=\"nofollow noopener\" target=\"_blank\">G\u00e9nova<\/a>.<\/p>\n<p>Sugest\u00e3o de v\u00eddeo:<\/p>\n","protected":false},"excerpt":{"rendered":"Elton Jesus, extremo direito dos sub-19, \u00e9 refor\u00e7o do G\u00e9nova Depois das transfer\u00eancias de Afner C\u00e1, Rafael Carreira&hellip;\n","protected":false},"author":2,"featured_media":1532,"comment_status":"","ping_status":"","sticky":false,"template":"","format":"standard","meta":{"footnotes":""},"categories":[84],"tags":[1178,109,107,108,1179,32,33,105,103,104,106,110],"class_list":{"0":"post-1531","1":"post","2":"type-post","3":"status-publish","4":"format-standard","5":"has-post-thumbnail","7":"category-ciencia-e-tecnologia","8":"tag-amora","9":"tag-ciencia","10":"tag-ciencia-e-tecnologia","11":"tag-cienciaetecnologia","12":"tag-genova","13":"tag-portugal","14":"tag-pt","15":"tag-science","16":"tag-science-and-technology","17":"tag-scienceandtechnology","18":"tag-technology","19":"tag-tecnologia"},"share_on_mastodon":{"url":"","error":""},"_links":{"self":[{"href":"https:\/\/www.europesays.com\/pt\/wp-json\/wp\/v2\/posts\/1531","targetHints":{"allow":["GET"]}}],"collection":[{"href":"https:\/\/www.europesays.com\/pt\/wp-json\/wp\/v2\/posts"}],"about":[{"href":"https:\/\/www.europesays.com\/pt\/wp-json\/wp\/v2\/types\/post"}],"author":[{"embeddable":true,"href":"https:\/\/www.europesays.com\/pt\/wp-json\/wp\/v2\/users\/2"}],"replies":[{"embeddable":true,"href":"https:\/\/www.europesays.com\/pt\/wp-json\/wp\/v2\/comments?post=1531"}],"version-history":[{"count":0,"href":"https:\/\/www.europesays.com\/pt\/wp-json\/wp\/v2\/posts\/1531\/revisions"}],"wp:featuredmedia":[{"embeddable":true,"href":"https:\/\/www.europesays.com\/pt\/wp-json\/wp\/v2\/media\/1532"}],"wp:attachment":[{"href":"https:\/\/www.europesays.com\/pt\/wp-json\/wp\/v2\/media?parent=1531"}],"wp:term":[{"taxonomy":"category","embeddable":true,"href":"https:\/\/www.europesays.com\/pt\/wp-json\/wp\/v2\/categories?post=1531"},{"taxonomy":"post_tag","embeddable":true,"href":"https:\/\/www.europesays.com\/pt\/wp-json\/wp\/v2\/tags?post=1531"}],"curies":[{"name":"wp","href":"https:\/\/api.w.org\/{rel}","templated":true}]}}