{"id":153101,"date":"2025-11-15T19:56:19","date_gmt":"2025-11-15T19:56:19","guid":{"rendered":"https:\/\/www.europesays.com\/pt\/153101\/"},"modified":"2025-11-15T19:56:19","modified_gmt":"2025-11-15T19:56:19","slug":"benfica-aa-espinho-jogo-campeonato-voleibol","status":"publish","type":"post","link":"https:\/\/www.europesays.com\/pt\/153101\/","title":{"rendered":"Benfica AA Espinho Jogo Campeonato Voleibol"},"content":{"rendered":"<p>                            <strong>RESUMO DO JOGO<\/strong><\/p>\n<tr style=\"background-color: white; border-bottom: 1px solid white;\">\n<td style=\"font-weight: bold; font-size: 30px;\" colspan=\"5\">Campeonato Nacional<\/td>\n<\/tr>\n<tr>\n<td colspan=\"5\">5.\u00aa jornada<br \/>1.\u00aa fase<\/td>\n<\/tr>\n<tr>\n<td style=\"padding: 10px 0; background-color: #f2f2f2!important;\" colspan=\"5\"><strong>RESULTADO FINAL<\/strong><\/td>\n<\/tr>\n<tr>\n<td style=\"font-size: 20px;\" colspan=\"5\">\n<\/td>\n<\/tr>\n<tr>\n<td style=\"border-right: 1px solid #f4f4f4; background-color: #f2f2f2!important;\">1.\u00ba set<\/td>\n<td style=\"border-right: 1px solid #f4f4f4; background-color: #f2f2f2!important;\">2.\u00ba set<\/td>\n<td style=\"border-right: 1px solid #f4f4f4; background-color: #f2f2f2!important;\">3.\u00ba set<\/td>\n<\/tr>\n<tr>\n<td style=\"border-right: 1px solid #f4f4f4;\"><strong>25-12<\/strong><\/td>\n<td><strong>25-15<\/strong><\/td>\n<td><strong>25-19<\/strong><\/td>\n<\/tr>\n<p>Em pouco mais de uma hora (67 minutos), um <a href=\"https:\/\/www.slbenfica.pt\/pt-pt\/modalidades\/voleibol\" rel=\"nofollow noopener\" target=\"_blank\"><strong>Benfica<\/strong><\/a> competente e eficaz venceu neste s\u00e1bado, 15 de novembro, a AA Espinho, por 3-0, em jogo da 5.\u00aa jornada da 1.\u00aa fase do Campeonato Nacional, disputado no Pavilh\u00e3o n.\u00ba 2 da Luz.<\/p>\n<p>A <strong>superioridade<\/strong> encarnada no <strong>1.\u00ba set<\/strong> come\u00e7ou a ser evidente quando <strong>Valerii Todua<\/strong> avan\u00e7ou para a <strong>linha de servi\u00e7o<\/strong> e comandou a equipa a distanciar-se de um <strong>5-5<\/strong> para um <strong>11-5<\/strong>.<\/p>\n<p>Confort\u00e1vel no jogo, a equipa encarnada variou bastante os <strong>ataques<\/strong> entre <strong>Murad Khan e Nivaldo G\u00f3mez<\/strong>, que n\u00e3o deram qualquer hip\u00f3tese \u00e0 defesa advers\u00e1ria com um <strong>conjunto de boas decis\u00f5es<\/strong> na finaliza\u00e7\u00e3o das jogadas at\u00e9 ao triunfo por <strong>25-12<\/strong>.<\/p>\n<p>No <strong>2.\u00ba set<\/strong>, o <strong>oposto internacional pelo Paquist\u00e3o<\/strong> continuou intrat\u00e1vel e, com <strong>2 ases seguidos<\/strong>, alavancou as \u00e1guias para uma <strong>vantagem de 11-5<\/strong>.<\/p>\n<p><img decoding=\"async\" src=\"https:\/\/www.europesays.com\/pt\/wp-content\/uploads\/2025\/11\/murad-1-thumbnail.jpg\" alt=\"Benfica-AA Espinho\" height=\"522px\" width=\"926px\"\/><\/p>\n<p>O treinador da AA Espinho, Miguel Maia, ainda pediu um <strong>timeout<\/strong> para tentar contrariar o dom\u00ednio das \u00e1guias, mas <strong>n\u00e3o conseguiu inverter a tend\u00eancia da partida<\/strong>. Mesmo com a <strong>rota\u00e7\u00e3o<\/strong> imposta por <strong>Marcel Matz<\/strong>, o <strong>Benfica<\/strong> continuou a jogar de faca nos dentes e um <strong>\u00e1s de Felipe Bander\u00f3<\/strong> fechou o parcial em <strong>25-15<\/strong>.<\/p>\n<p>Determinados a fechar o jogo o mais r\u00e1pido poss\u00edvel, os encarnados abriram um <strong>5-1<\/strong> no in\u00edcio do <strong>3.\u00ba set<\/strong>, mas os visitantes reagiram e conseguiram virar para <strong>6-7<\/strong>, alcan\u00e7ando a sua <strong>primeira vantagem<\/strong> desde o <strong>4-5 do 1.\u00ba set<\/strong>.<\/p>\n<p><img decoding=\"async\" src=\"https:\/\/www.europesays.com\/pt\/wp-content\/uploads\/2025\/11\/todua-thumbnail.jpg\" alt=\"Benfica-AA Espinho\" height=\"522px\" width=\"926px\"\/><\/p>\n<p>Fortalecendo o bloco, a AA Espinho conseguiu <strong>anular a influ\u00eancia de Murad Khan<\/strong>, mas <strong>Nivaldo G\u00f3mez<\/strong> e <strong>Valerii Todua<\/strong> aproveitaram brechas em outras zonas para conduzirem o Benfica ao <strong>21-18<\/strong>. Mantendo a <strong>energia<\/strong> e o <strong>foco<\/strong>, as \u00e1guias <strong>fecharam o 3.\u00ba set em 25-19 e o jogo em 3-0<\/strong>.<\/p>\n<p>Somada nova vit\u00f3ria no Campeonato Nacional, a <strong>equipa comandada por Marcel Matz<\/strong> entra em campo \u00e0s <strong>20h00<\/strong> da pr\u00f3xima <strong>quarta-feira<\/strong>, <strong>19 de novembro<\/strong>, com a miss\u00e3o de sentenciar o <strong>apuramento<\/strong> rumo aos <strong>16 avos de final da CEV Challenge Cup<\/strong> diante do OK Medimurje: na <strong>1.\u00aa m\u00e3o<\/strong>, na Cro\u00e1cia, as <strong>\u00e1guias venceram por<\/strong> <a href=\"https:\/\/www.slbenfica.pt\/pt-pt\/agora\/noticias\/2025\/11\/12\/voleibol-jogo-ok-medimurje-benfica-32-avos-de-final-cev-challenge-cup\" rel=\"nofollow noopener\" target=\"_blank\"><strong>0-3<\/strong><\/a>.<\/p>\n<p><img decoding=\"async\" src=\"https:\/\/www.europesays.com\/pt\/wp-content\/uploads\/2025\/11\/1763236577_528_marcel-matz-thumbnail.jpg\" alt=\"Benfica-AA Espinho\" height=\"522px\" width=\"926px\"\/><\/p>\n<p><strong>DECLARA\u00c7\u00d5ES<\/strong><\/p>\n<p><strong>Marcel Matz (treinador do Benfica):<\/strong> &#8220;Jog\u00e1mos bem, estivemos bem no servi\u00e7o e pression\u00e1mos. Pod\u00edamos ter resolvido melhor o 3.\u00ba set, que foi mais equilibrado, mas tamb\u00e9m n\u00e3o esper\u00e1vamos uma superioridade t\u00e3o grande nos dois primeiros [sets]. Estivemos muito bem no sistema de servi\u00e7o e no bloco e na defesa, tal como na produ\u00e7\u00e3o de pontos a partir do servi\u00e7o. Isso fez muita diferen\u00e7a e explica os resultados dos parciais. <strong>[Resolver o jogo o mais cedo poss\u00edvel]<\/strong> N\u00e3o, o importante \u00e9 ganhar. Foi uma boa semana da equipa. N\u00e3o foi f\u00e1cil, com uma viagem para as competi\u00e7\u00f5es europeias. Cumprimos nesse jogo fora [Cro\u00e1cia], som\u00e1mos duas vit\u00f3rias. Estou feliz e agora \u00e9 continuar assim, a jogar bem.&#8221;<\/p>\n<p><img decoding=\"async\" src=\"https:\/\/www.europesays.com\/pt\/wp-content\/uploads\/2025\/11\/violas-thumbnail.jpg\" alt=\"Benfica-AA Espinho\" height=\"522px\" width=\"926px\"\/><\/p>\n<p><strong>Tiago Violas (distribuidor do Benfica):<\/strong> &#8220;Acho que a nossa equipa est\u00e1 interessante, ap\u00f3s um in\u00edcio de \u00e9poca menos bom em rela\u00e7\u00e3o \u00e0s nossas expectativas. Agora, na minha opini\u00e3o, conseguimos subir o n\u00edvel e entr\u00e1mos muito bem neste jogo. No 3.\u00ba set, eles mudaram a equipa, mas soubemos adaptar-nos e volt\u00e1mos a ser superiores no final. A nossa equipa tem de ter este poder de rea\u00e7\u00e3o quando nos p\u00f5em \u00e0 prova e sob press\u00e3o. J\u00e1 t\u00ednhamos desempenhado um grande trabalho nos jogos anteriores e penso que a equipa vai crescer ainda mais. Por isso, venham apoiar-nos. Obrigado, desde j\u00e1, aos Benfiquistas, por comparecerem. Vamos continuar a melhorar para conseguirmos somar ainda mais vit\u00f3rias.&#8221;<\/p>\n<p><img decoding=\"async\" src=\"https:\/\/www.europesays.com\/pt\/wp-content\/uploads\/2025\/11\/equipa-thumbnail.jpg\" alt=\"Benfica-AA Espinho\" height=\"522px\" width=\"926px\"\/><\/p>\n<tr>\n<td style=\"background-color: #f2f2f2!important;\" colspan=\"3\"><strong>Campeonato Nacional (1.\u00aa fase) | 5.\u00aa jornada | 15\/11\/2025<\/strong><\/td>\n<\/tr>\n<tr style=\"background-color: #ffffff;\">\n<td style=\"font-size: 25px !important; font-weight: 500; padding: 0 0 20px;\" colspan=\"3\">Benfica-AA Espinho<br \/>3-0<br \/>Pavilh\u00e3o n.\u00ba 2 da Luz<\/td>\n<\/tr>\n<tr>\n<td style=\"background-color: #f2f2f2!important;\" colspan=\"3\"><strong>Forma\u00e7\u00e3o inicial do Benfica<\/strong><\/td>\n<\/tr>\n<tr>\n<td style=\"padding: 15px 20px;\" colspan=\"3\">Tiago Violas, Lucas Fran\u00e7a, Valerii Todua, Nivaldo G\u00f3mez, Japa, Murad Khan e Ivo Casas (L)<\/td>\n<\/tr>\n<tr>\n<td style=\"background-color: #f2f2f2!important;\" colspan=\"3\"><strong>Suplentes<\/strong><\/td>\n<\/tr>\n<tr>\n<td style=\"padding: 15px 20px;\" colspan=\"3\">Peter Wohlfahrtst\u00e4tter, Francisco Pombeiro, Pablo Natan, Felipe Bander\u00f3, Kelvi Geovanni, Tom\u00e1s Nat\u00e1rio e Bernardo Silva (L)<\/td>\n<\/tr>\n<tr>\n<td style=\"background-color: #f2f2f2!important;\" colspan=\"3\"><strong>Treinador do Benfica<\/strong><\/td>\n<\/tr>\n<tr>\n<td style=\"padding: 15px 20px;\" colspan=\"3\">Marcel Matz<\/td>\n<\/tr>\n<tr>\n<td style=\"background-color: #f2f2f2!important;\" colspan=\"3\"><strong>Forma\u00e7\u00e3o inicial da AA Espinho<\/strong><\/td>\n<\/tr>\n<tr>\n<td style=\"padding: 15px 20px;\" colspan=\"3\">Jos\u00e9 Pedro Monteiro, Caio Rosa, Gabriel Mesquita, Jos\u00e9 Belo, Jos\u00e9 Pedro Pinto, Jos\u00e9 Rojas e Ricardo Alvar (L)<\/td>\n<\/tr>\n<tr>\n<td style=\"background-color: #f2f2f2!important;\" colspan=\"3\"><strong>Suplentes<\/strong><\/td>\n<\/tr>\n<tr>\n<td style=\"padding: 15px 20px;\" colspan=\"3\">Nuno Correia, Guilherme Maia, Tiago Ferradaz, Filipe Leite, Francisco Mendes, Gustavo Mendes e Juan Zanotti (L)<\/td>\n<\/tr>\n<tr style=\"border-bottom: 1px solid white; background-color: #f2f2f2!important;\">\n<td style=\"border-right: 1px solid #f4f4f4;\"><strong>1.\u00ba set<\/strong><\/td>\n<td style=\"border-right: 1px solid #f4f4f4;\"><strong>2.\u00ba set<\/strong><\/td>\n<td><strong>3.\u00ba set<\/strong><\/td>\n<\/tr>\n<tr>\n<td style=\"border-right: 1px solid #f4f4f4;\">25-12<\/td>\n<td style=\"border-right: 1px solid #f4f4f4;\">25-15<\/td>\n<td>25-19<\/td>\n<\/tr>\n","protected":false},"excerpt":{"rendered":"RESUMO DO JOGO Campeonato Nacional 5.\u00aa jornada1.\u00aa fase RESULTADO FINAL 1.\u00ba set 2.\u00ba set 3.\u00ba set 25-12 25-15&hellip;\n","protected":false},"author":2,"featured_media":153102,"comment_status":"","ping_status":"","sticky":false,"template":"","format":"standard","meta":{"footnotes":""},"categories":[87],"tags":[135,32,33,134],"class_list":{"0":"post-153101","1":"post","2":"type-post","3":"status-publish","4":"format-standard","5":"has-post-thumbnail","7":"category-desporto","8":"tag-desporto","9":"tag-portugal","10":"tag-pt","11":"tag-sports"},"share_on_mastodon":{"url":"https:\/\/pubeurope.com\/@pt\/115555479521501491","error":""},"_links":{"self":[{"href":"https:\/\/www.europesays.com\/pt\/wp-json\/wp\/v2\/posts\/153101","targetHints":{"allow":["GET"]}}],"collection":[{"href":"https:\/\/www.europesays.com\/pt\/wp-json\/wp\/v2\/posts"}],"about":[{"href":"https:\/\/www.europesays.com\/pt\/wp-json\/wp\/v2\/types\/post"}],"author":[{"embeddable":true,"href":"https:\/\/www.europesays.com\/pt\/wp-json\/wp\/v2\/users\/2"}],"replies":[{"embeddable":true,"href":"https:\/\/www.europesays.com\/pt\/wp-json\/wp\/v2\/comments?post=153101"}],"version-history":[{"count":0,"href":"https:\/\/www.europesays.com\/pt\/wp-json\/wp\/v2\/posts\/153101\/revisions"}],"wp:featuredmedia":[{"embeddable":true,"href":"https:\/\/www.europesays.com\/pt\/wp-json\/wp\/v2\/media\/153102"}],"wp:attachment":[{"href":"https:\/\/www.europesays.com\/pt\/wp-json\/wp\/v2\/media?parent=153101"}],"wp:term":[{"taxonomy":"category","embeddable":true,"href":"https:\/\/www.europesays.com\/pt\/wp-json\/wp\/v2\/categories?post=153101"},{"taxonomy":"post_tag","embeddable":true,"href":"https:\/\/www.europesays.com\/pt\/wp-json\/wp\/v2\/tags?post=153101"}],"curies":[{"name":"wp","href":"https:\/\/api.w.org\/{rel}","templated":true}]}}