{"id":153117,"date":"2025-11-15T20:16:08","date_gmt":"2025-11-15T20:16:08","guid":{"rendered":"https:\/\/www.europesays.com\/pt\/153117\/"},"modified":"2025-11-15T20:16:08","modified_gmt":"2025-11-15T20:16:08","slug":"marjorie-taylor-greene-culpa-trump-pelas-ameacas-que-esta-a-receber-eua","status":"publish","type":"post","link":"https:\/\/www.europesays.com\/pt\/153117\/","title":{"rendered":"Marjorie Taylor Greene culpa Trump pelas amea\u00e7as que est\u00e1 a receber | EUA"},"content":{"rendered":"<p>A congressista republicana Marjorie Taylor Greene acusou o Presidente dos EUA, Donald Trump, neste s\u00e1bado, de colocar a sua vida em perigo, dizendo que as <a href=\"https:\/\/www.publico.pt\/2025\/11\/15\/mundo\/noticia\/trump-rompe-marjorie-taylor-greene-critica-gestao-caso-epstein-2154742\" rel=\"nofollow noopener\" target=\"_blank\">cr\u00edticas dele<\/a> na Internet provocaram uma onda de amea\u00e7as contra ela.<\/p>\n<p>Greene, que j\u00e1 foi uma leal apoiante de Trump, mas recentemente assumiu posi\u00e7\u00f5es contr\u00e1rias \u00e0s do Presidente, disse que foi contactada por empresas de seguran\u00e7a privada <a href=\"https:\/\/x.com\/RepMTG\/status\/1989735360524345421\" target=\"_blank\" rel=\"nofollow\">alertando<\/a> sobre a sua seguran\u00e7a.<\/p>\n<p>\u201cA ret\u00f3rica agressiva que me ataca tem historicamente levado a amea\u00e7as de morte e m\u00faltiplas condena\u00e7\u00f5es de homens que foram radicalizados pelo mesmo tipo de ret\u00f3rica que me est\u00e1 a ser dirigida neste momento\u201d, escreveu Greene, membro da C\u00e2mara dos Representantes dos EUA pela Ge\u00f3rgia, numa publica\u00e7\u00e3o no X. \u201cDesta vez, pelo Presidente dos Estados Unidos.\u201d<\/p>\n<p>        &#13;<\/p>\n<p>&#13;<br \/>\n                &#13;\n            <\/p>\n<p>&#13;<\/p>\n<p>Trump rompeu com Greene na sexta-feira \u00e0 noite numa publica\u00e7\u00e3o contundente nas redes sociais, na qual se referiu a Greene como \u201cmaluca\u201d e \u201clun\u00e1tica delirante\u201d e se queixou de que n\u00e3o atenderia as suas chamadas. Ele continuou as suas cr\u00edticas no s\u00e1bado com mais duas publica\u00e7\u00f5es nas redes sociais, chamando-a de \u201ccongressista insignificante\u201d, \u201ctraidora\u201d e \u201cvergonha\u201d para o Partido Republicano.<\/p>\n<p><strong>Agress\u00e3o de Trump alimenta \u201ctrols\u201d<\/strong><\/p>\n<p>Na sua primeira resposta publicada na sexta-feira, Greene acusou Trump de mentir sobre ela e tentar intimidar outros republicanos antes de uma vota\u00e7\u00e3o na C\u00e2mara dos Representantes na pr\u00f3xima semana sobre a divulga\u00e7\u00e3o de arquivos relacionados ao <a href=\"https:\/\/www.publico.pt\/jeffrey-epstein\" rel=\"nofollow noopener\" target=\"_blank\">falecido financeiro Jeffrey Epstein<\/a>, um criminoso sexual condenado, que era amigo de Trump nas d\u00e9cadas de 1990 e 2000, antes de se desentenderem.<\/p>\n<p>No s\u00e1bado, Greene escreveu que agora tem uma \u201c<a href=\"https:\/\/www.publico.pt\/2025\/11\/12\/mundo\/noticia\/emails-revelados-epstein-alegou-trump-sabia-crimes-2154338\" rel=\"nofollow noopener\" target=\"_blank\">pequena compreens\u00e3o<\/a>\u201d do medo e da press\u00e3o sentidos pelas v\u00edtimas de Epstein.<\/p>\n<p>\u201cComo republicana, que vota esmagadoramente a favor dos projectos de lei e da agenda do Presidente Trump, a sua agress\u00e3o contra mim, que tamb\u00e9m alimenta a natureza venenosa dos seus trolls radicais da Internet (muitos dos quais s\u00e3o pagos), \u00e9 completamente chocante para todos\u201d, escreveu.<\/p>\n<p>A Casa Branca n\u00e3o respondeu imediatamente a um pedido de coment\u00e1rio sobre a sua publica\u00e7\u00e3o. Na quarta-feira, Greene foi uma das quatro \u00fanicas republicanas da C\u00e2mara dos Representantes que se juntaram aos democratas para assinar uma peti\u00e7\u00e3o para for\u00e7ar uma vota\u00e7\u00e3o sobre a divulga\u00e7\u00e3o dos arquivos completos do Departamento de Justi\u00e7a relacionados a Epstein.<\/p>\n<p>Trump chamou o furor em torno de Epstein, que <a href=\"https:\/\/www.publico.pt\/2019\/08\/10\/mundo\/noticia\/jeffrey-epstein-acusado-trafico-sexual-menores-encontrado-morto-prisao-1883035\" rel=\"nofollow noopener\" target=\"_blank\">morreu numa cela de pris\u00e3o em 2019<\/a>, de uma farsa promovida pelos democratas.<\/p>\n<p>Ele sugeriu na sua publica\u00e7\u00e3o no Truth Social que os eleitores conservadores do distrito de Greene poderiam considerar um advers\u00e1rio nas prim\u00e1rias e que ele apoiaria o candidato certo contra ela nas elei\u00e7\u00f5es legislativas do pr\u00f3ximo ano.<\/p>\n<p>A reac\u00e7\u00e3o negativa online dos apoiantes de Trump n\u00e3o \u00e9 incomum. Influenciadores de direita e personalidades da media conservadora tornaram-se uma for\u00e7a online potente para amplificar pontos de discuss\u00e3o e alega\u00e7\u00f5es falsas, al\u00e9m de tentar desacreditar os rivais de Trump.<\/p>\n","protected":false},"excerpt":{"rendered":"A congressista republicana Marjorie Taylor Greene acusou o Presidente dos EUA, Donald Trump, neste s\u00e1bado, de colocar a&hellip;\n","protected":false},"author":2,"featured_media":153118,"comment_status":"","ping_status":"","sticky":false,"template":"","format":"standard","meta":{"footnotes":""},"categories":[50],"tags":[993,27,28,92,413,15,16,14,583,25,26,21,22,62,12,13,19,20,6281,23,24,17,18,29,30,31,63,64,65],"class_list":{"0":"post-153117","1":"post","2":"type-post","3":"status-publish","4":"format-standard","5":"has-post-thumbnail","7":"category-mundo","8":"tag-america","9":"tag-breaking-news","10":"tag-breakingnews","11":"tag-donald-trump","12":"tag-eua","13":"tag-featured-news","14":"tag-featurednews","15":"tag-headlines","16":"tag-jeffrey-epstein","17":"tag-latest-news","18":"tag-latestnews","19":"tag-main-news","20":"tag-mainnews","21":"tag-mundo","22":"tag-news","23":"tag-noticias","24":"tag-noticias-principais","25":"tag-noticiasprincipais","26":"tag-partido-republicano","27":"tag-principais-noticias","28":"tag-principaisnoticias","29":"tag-top-stories","30":"tag-topstories","31":"tag-ultimas","32":"tag-ultimas-noticias","33":"tag-ultimasnoticias","34":"tag-world","35":"tag-world-news","36":"tag-worldnews"},"share_on_mastodon":{"url":"https:\/\/pubeurope.com\/@pt\/115555557866912471","error":""},"_links":{"self":[{"href":"https:\/\/www.europesays.com\/pt\/wp-json\/wp\/v2\/posts\/153117","targetHints":{"allow":["GET"]}}],"collection":[{"href":"https:\/\/www.europesays.com\/pt\/wp-json\/wp\/v2\/posts"}],"about":[{"href":"https:\/\/www.europesays.com\/pt\/wp-json\/wp\/v2\/types\/post"}],"author":[{"embeddable":true,"href":"https:\/\/www.europesays.com\/pt\/wp-json\/wp\/v2\/users\/2"}],"replies":[{"embeddable":true,"href":"https:\/\/www.europesays.com\/pt\/wp-json\/wp\/v2\/comments?post=153117"}],"version-history":[{"count":0,"href":"https:\/\/www.europesays.com\/pt\/wp-json\/wp\/v2\/posts\/153117\/revisions"}],"wp:featuredmedia":[{"embeddable":true,"href":"https:\/\/www.europesays.com\/pt\/wp-json\/wp\/v2\/media\/153118"}],"wp:attachment":[{"href":"https:\/\/www.europesays.com\/pt\/wp-json\/wp\/v2\/media?parent=153117"}],"wp:term":[{"taxonomy":"category","embeddable":true,"href":"https:\/\/www.europesays.com\/pt\/wp-json\/wp\/v2\/categories?post=153117"},{"taxonomy":"post_tag","embeddable":true,"href":"https:\/\/www.europesays.com\/pt\/wp-json\/wp\/v2\/tags?post=153117"}],"curies":[{"name":"wp","href":"https:\/\/api.w.org\/{rel}","templated":true}]}}