{"id":153126,"date":"2025-11-15T20:24:17","date_gmt":"2025-11-15T20:24:17","guid":{"rendered":"https:\/\/www.europesays.com\/pt\/153126\/"},"modified":"2025-11-15T20:24:17","modified_gmt":"2025-11-15T20:24:17","slug":"adaptacao-de-o-morro-dos-ventos-uivantes-ganha-trailer-confira","status":"publish","type":"post","link":"https:\/\/www.europesays.com\/pt\/153126\/","title":{"rendered":"Adapta\u00e7\u00e3o de &#8216;O Morro dos Ventos Uivantes&#8217; ganha trailer; confira"},"content":{"rendered":"<p>\n                        Filme estreia em 12 de fevereiro\n                    <\/p>\n<p class=\"text\">\n<p class=\"text\">Dirigida por <b>Emerald Fennell<\/b> (Saltburn), a nova adapta\u00e7\u00e3o de <b>O Morro dos Ventos Uivantes<\/b> teve seu primeiro trailer divulgado nesta quinta-feira, 13 (veja acima). O longa traz <b>Margot Robbie<\/b> no papel de Cathy, filha de um homem rico, e <b>Jacob Elordi<\/b> como seu irm\u00e3o adotivo Heathcliff, e acompanha a paix\u00e3o arrebatadora e proibida que despertou nos dois ao longo dos anos.<\/p>\n<p class=\"text\">Escrito por <b>Emily Bront\u00eb<\/b> e publicado originalmente em 1847, O Morro dos Ventos Uivantes acompanha Catherine e Heathcliff, dois jovens criados por um homem rico que se apaixonam, mas as normas sociais da \u00e9poca impedem que eles fiquem juntos. Anos ap\u00f3s deixar o lado da amada, Heathcliff retorna, agora rico e respeitado, para se vingar daqueles que o exclu\u00edram.<\/p>\n<p><img loading=\"lazy\" decoding=\"async\" alt=\"Margot Robbie e Jacob Elordi em nova adapta\u00e7\u00e3o de 'O Morro dos Ventos Uivantes'\" class=\"img-b369d4638fd7d7df38e20e5110f2b4c4t3bn2dhu\" height=\"581\" src=\"https:\/\/www.europesays.com\/pt\/wp-content\/uploads\/2025\/11\/1508802700-u7kqkjp3sjgilck5ccwbds4jwq.jpg\"  title=\"Margot Robbie e Jacob Elordi em nova adapta\u00e7\u00e3o de 'O Morro dos Ventos Uivantes'\" width=\"774\"\/><\/p>\n<p>Margot Robbie e Jacob Elordi em nova adapta\u00e7\u00e3o de &#8216;O Morro dos Ventos Uivantes&#8217;<\/p>\n<p>Foto: Warner Bros.\/Divulga\u00e7\u00e3o \/ Estad\u00e3o<\/p>\n<p class=\"text\">Lan\u00e7ada em setembro deste ano, a primeira pr\u00e9via do filme rendeu diversas cr\u00edticas online. Al\u00e9m de a produ\u00e7\u00e3o ser acusada de apagamento \u00e9tnico ao escalar Elordi no papel de um personagem descrito como romani, o tom er\u00f3tico trazido por Fennell tamb\u00e9m foi recha\u00e7ado por f\u00e3s da obra original.<\/p>\n<p class=\"text\">Esta ser\u00e1 a 16\u00aa adapta\u00e7\u00e3o de O Morro dos Ventos Uivantes para os cinemas, com o livro rendendo tamb\u00e9m filmes produzidos na Fran\u00e7a, \u00cdndia, Jap\u00e3o e Paquist\u00e3o ao longo das d\u00e9cadas.<\/p>\n<p class=\"text\">Al\u00e9m de dirigir, Fennell tamb\u00e9m assina o roteiro do longa. <b>Owen Cooper<\/b>, <b>Hong Chau<\/b>, <b>Shazad Latif<\/b>, <b>Alison Oliver<\/b>, <b>Martin Clunes<\/b> e <b>Ewan Mitchell<\/b> completam o elenco principal.<\/p>\n<p class=\"text\">O Morro dos Ventos Uivantes estreia em 12 de fevereiro nos cinemas.<\/p>\n","protected":false},"excerpt":{"rendered":"Filme estreia em 12 de fevereiro Dirigida por Emerald Fennell (Saltburn), a nova adapta\u00e7\u00e3o de O Morro dos&hellip;\n","protected":false},"author":2,"featured_media":153127,"comment_status":"","ping_status":"","sticky":false,"template":"","format":"standard","meta":{"footnotes":""},"categories":[140],"tags":[470,22660,33057,114,115,147,148,3714,12384,146,32,33],"class_list":{"0":"post-153126","1":"post","2":"type-post","3":"status-publish","4":"format-standard","5":"has-post-thumbnail","7":"category-filmes","8":"tag-cinema","9":"tag-emerald-fennell","10":"tag-emily-bronte","11":"tag-entertainment","12":"tag-entretenimento","13":"tag-film","14":"tag-filmes","15":"tag-jacob-elordi","16":"tag-margot-robbie","17":"tag-movies","18":"tag-portugal","19":"tag-pt"},"share_on_mastodon":{"url":"https:\/\/pubeurope.com\/@pt\/115555589720791475","error":""},"_links":{"self":[{"href":"https:\/\/www.europesays.com\/pt\/wp-json\/wp\/v2\/posts\/153126","targetHints":{"allow":["GET"]}}],"collection":[{"href":"https:\/\/www.europesays.com\/pt\/wp-json\/wp\/v2\/posts"}],"about":[{"href":"https:\/\/www.europesays.com\/pt\/wp-json\/wp\/v2\/types\/post"}],"author":[{"embeddable":true,"href":"https:\/\/www.europesays.com\/pt\/wp-json\/wp\/v2\/users\/2"}],"replies":[{"embeddable":true,"href":"https:\/\/www.europesays.com\/pt\/wp-json\/wp\/v2\/comments?post=153126"}],"version-history":[{"count":0,"href":"https:\/\/www.europesays.com\/pt\/wp-json\/wp\/v2\/posts\/153126\/revisions"}],"wp:featuredmedia":[{"embeddable":true,"href":"https:\/\/www.europesays.com\/pt\/wp-json\/wp\/v2\/media\/153127"}],"wp:attachment":[{"href":"https:\/\/www.europesays.com\/pt\/wp-json\/wp\/v2\/media?parent=153126"}],"wp:term":[{"taxonomy":"category","embeddable":true,"href":"https:\/\/www.europesays.com\/pt\/wp-json\/wp\/v2\/categories?post=153126"},{"taxonomy":"post_tag","embeddable":true,"href":"https:\/\/www.europesays.com\/pt\/wp-json\/wp\/v2\/tags?post=153126"}],"curies":[{"name":"wp","href":"https:\/\/api.w.org\/{rel}","templated":true}]}}