{"id":153150,"date":"2025-11-15T20:53:08","date_gmt":"2025-11-15T20:53:08","guid":{"rendered":"https:\/\/www.europesays.com\/pt\/153150\/"},"modified":"2025-11-15T20:53:08","modified_gmt":"2025-11-15T20:53:08","slug":"fa-participa-das-gravacoes-de-homem-aranha-4-e-conhece-tom-holland","status":"publish","type":"post","link":"https:\/\/www.europesays.com\/pt\/153150\/","title":{"rendered":"F\u00e3 participa das grava\u00e7\u00f5es de Homem-Aranha 4 e conhece Tom Holland"},"content":{"rendered":"<p dir=\"ltr\">As grava\u00e7\u00f5es de <strong>Homem-Aranha: Um Novo Dia <\/strong>receberam um f\u00e3 mirim na \u00faltima semana. Tratando um c\u00e2ncer, o pequeno Jack foi levado pela <strong>Marvel <\/strong>e pela organiza\u00e7\u00e3o <strong>Make-A-Wish <\/strong>a Londres para conhecer <strong>Tom Holland<\/strong>, <strong>Zendaya <\/strong>e ainda fazer figura\u00e7\u00e3o no longa.<\/p>\n<p dir=\"ltr\">A visita foi registrada e divulgada pelo pr\u00f3prio Jack, que tem um perfil no Instagram onde compartilha o cotidiano de seu tratamento. No v\u00eddeo \u00e9 poss\u00edvel v\u00ea-lo interagindo com os atores e at\u00e9 garantindo um salve de Tom Holland para alguns de seus amigos. Confra abaixo:<\/p>\n<p>            Continua depois da Publicidade<\/p>\n<p dir=\"ltr\">\u201cObrigado Make-A-Wish, Marvel, Tom Holland e Zendaya por transformar meu maior sonho em realidade. Eles me colocaram em um avi\u00e3o para Londres, me levaram at\u00e9 o set de Homem-Aranha e ainda conheci Tom Holland em pessoa. E a parte mais maluca? Eles me colocaram NO filme como figurante. Voc\u00ea me ver\u00e1 na telona! Esse foi, de verdade, o MELHOR dia da minha vida \u2013 uma mem\u00f3ria que nunca vou esquecer\u201d, diz a legenda.<\/p>\n<p>    <strong>Tudo sobre Homem-Aranha: Um Novo Dia<\/strong><\/p>\n<p>Al\u00e9m de <strong>Tom Holland<\/strong> e\u00a0<strong>Zendaya<\/strong>, <strong>Jacob Batalon <\/strong>tamb\u00e9m retorna para o novo filme do Homem-Aranha. N\u00e3o h\u00e1 mais detalhes do elenco e de hist\u00f3ria no momento, al\u00e9m da chegada de <strong>Jon Bernthal\u00a0<\/strong>como Justiceiro,\u00a0<strong>Mark Ruffalo <\/strong>como Hulk e <strong>Sadie Sink\u00a0<\/strong>(Stranger Things), cujo papel ainda \u00e9 um mist\u00e9rio.<\/p>\n<p>Com dire\u00e7\u00e3o de <strong>Destin Daniel Cretton<\/strong>\u00a0(Shang-Chi e a Lenda dos Dez An\u00e9is) e roteiro de <strong>Erik Sommers<\/strong>\u00a0e\u00a0<strong>Chris McKenna <\/strong>(Homem-Aranha: Sem Volta para Casa), Homem-Aranha: Um Novo Dia\u00a0est\u00e1 programado para chegar em\u00a0<strong>30 de julho de 2026\u00a0<\/strong>nos cinemas.<\/p>\n<p>            Continua depois da Publicidade<\/p>\n","protected":false},"excerpt":{"rendered":"As grava\u00e7\u00f5es de Homem-Aranha: Um Novo Dia receberam um f\u00e3 mirim na \u00faltima semana. Tratando um c\u00e2ncer, o&hellip;\n","protected":false},"author":2,"featured_media":153151,"comment_status":"","ping_status":"","sticky":false,"template":"","format":"standard","meta":{"footnotes":""},"categories":[140],"tags":[114,115,147,148,146,32,33],"class_list":{"0":"post-153150","1":"post","2":"type-post","3":"status-publish","4":"format-standard","5":"has-post-thumbnail","7":"category-filmes","8":"tag-entertainment","9":"tag-entretenimento","10":"tag-film","11":"tag-filmes","12":"tag-movies","13":"tag-portugal","14":"tag-pt"},"share_on_mastodon":{"url":"https:\/\/pubeurope.com\/@pt\/115555703507008902","error":""},"_links":{"self":[{"href":"https:\/\/www.europesays.com\/pt\/wp-json\/wp\/v2\/posts\/153150","targetHints":{"allow":["GET"]}}],"collection":[{"href":"https:\/\/www.europesays.com\/pt\/wp-json\/wp\/v2\/posts"}],"about":[{"href":"https:\/\/www.europesays.com\/pt\/wp-json\/wp\/v2\/types\/post"}],"author":[{"embeddable":true,"href":"https:\/\/www.europesays.com\/pt\/wp-json\/wp\/v2\/users\/2"}],"replies":[{"embeddable":true,"href":"https:\/\/www.europesays.com\/pt\/wp-json\/wp\/v2\/comments?post=153150"}],"version-history":[{"count":0,"href":"https:\/\/www.europesays.com\/pt\/wp-json\/wp\/v2\/posts\/153150\/revisions"}],"wp:featuredmedia":[{"embeddable":true,"href":"https:\/\/www.europesays.com\/pt\/wp-json\/wp\/v2\/media\/153151"}],"wp:attachment":[{"href":"https:\/\/www.europesays.com\/pt\/wp-json\/wp\/v2\/media?parent=153150"}],"wp:term":[{"taxonomy":"category","embeddable":true,"href":"https:\/\/www.europesays.com\/pt\/wp-json\/wp\/v2\/categories?post=153150"},{"taxonomy":"post_tag","embeddable":true,"href":"https:\/\/www.europesays.com\/pt\/wp-json\/wp\/v2\/tags?post=153150"}],"curies":[{"name":"wp","href":"https:\/\/api.w.org\/{rel}","templated":true}]}}