{"id":153170,"date":"2025-11-15T21:20:07","date_gmt":"2025-11-15T21:20:07","guid":{"rendered":"https:\/\/www.europesays.com\/pt\/153170\/"},"modified":"2025-11-15T21:20:07","modified_gmt":"2025-11-15T21:20:07","slug":"virginia-marca-presenca-em-jogo-da-selecao-brasileira-em-londres-com-bolsa-de-r-130-mil","status":"publish","type":"post","link":"https:\/\/www.europesays.com\/pt\/153170\/","title":{"rendered":"Virginia marca presen\u00e7a em jogo da Sele\u00e7\u00e3o Brasileira em Londres com bolsa de R$ 130 mil"},"content":{"rendered":"\n<p class=\" content-text__container \" data-track-category=\"Link no Texto\" data-track-links=\"\"> No in\u00edcio do m\u00eas, quando estava em Madri, na Espanha, hospedada na casa do amado, Virginia comemorou a convoca\u00e7\u00e3o de Vini Jr. para os amistosos. A influenciadora assistiu ao an\u00fancio em um parque de divers\u00f5es, acompanhada de <a class=\"\" href=\"https:\/\/revistaquem.globo.com\/famoso\/taina-castro\/\" rel=\"nofollow noopener\" target=\"_blank\">Tain\u00e1 Milit\u00e3o<\/a>, esposa de <a class=\"\" href=\"https:\/\/revistaquem.globo.com\/famoso\/eder-militao\/\" rel=\"nofollow noopener\" target=\"_blank\">Eder Milit\u00e3o<\/a>, e do casal<strong> Duda Fournier <\/strong>e <strong>Lucas Paquet\u00e1<\/strong>, e celebrou a escala\u00e7\u00e3o do namorado. \u201cAten\u00e7\u00e3o, Big Seven\u201d, gritou Virginia no meio do parque. <\/p>\n","protected":false},"excerpt":{"rendered":"No in\u00edcio do m\u00eas, quando estava em Madri, na Espanha, hospedada na casa do amado, Virginia comemorou a&hellip;\n","protected":false},"author":2,"featured_media":153171,"comment_status":"","ping_status":"","sticky":false,"template":"","format":"standard","meta":{"footnotes":""},"categories":[145],"tags":[211,210,1648,114,115,32,33,27530,3126,1446],"class_list":{"0":"post-153170","1":"post","2":"type-post","3":"status-publish","4":"format-standard","5":"has-post-thumbnail","7":"category-celebridades","8":"tag-celebridades","9":"tag-celebrities","10":"tag-eder-militao","11":"tag-entertainment","12":"tag-entretenimento","13":"tag-portugal","14":"tag-pt","15":"tag-taina-militao","16":"tag-vini-jr","17":"tag-virginia-fonseca"},"share_on_mastodon":{"url":"https:\/\/pubeurope.com\/@pt\/115555809627715726","error":""},"_links":{"self":[{"href":"https:\/\/www.europesays.com\/pt\/wp-json\/wp\/v2\/posts\/153170","targetHints":{"allow":["GET"]}}],"collection":[{"href":"https:\/\/www.europesays.com\/pt\/wp-json\/wp\/v2\/posts"}],"about":[{"href":"https:\/\/www.europesays.com\/pt\/wp-json\/wp\/v2\/types\/post"}],"author":[{"embeddable":true,"href":"https:\/\/www.europesays.com\/pt\/wp-json\/wp\/v2\/users\/2"}],"replies":[{"embeddable":true,"href":"https:\/\/www.europesays.com\/pt\/wp-json\/wp\/v2\/comments?post=153170"}],"version-history":[{"count":0,"href":"https:\/\/www.europesays.com\/pt\/wp-json\/wp\/v2\/posts\/153170\/revisions"}],"wp:featuredmedia":[{"embeddable":true,"href":"https:\/\/www.europesays.com\/pt\/wp-json\/wp\/v2\/media\/153171"}],"wp:attachment":[{"href":"https:\/\/www.europesays.com\/pt\/wp-json\/wp\/v2\/media?parent=153170"}],"wp:term":[{"taxonomy":"category","embeddable":true,"href":"https:\/\/www.europesays.com\/pt\/wp-json\/wp\/v2\/categories?post=153170"},{"taxonomy":"post_tag","embeddable":true,"href":"https:\/\/www.europesays.com\/pt\/wp-json\/wp\/v2\/tags?post=153170"}],"curies":[{"name":"wp","href":"https:\/\/api.w.org\/{rel}","templated":true}]}}