{"id":153190,"date":"2025-11-15T21:47:53","date_gmt":"2025-11-15T21:47:53","guid":{"rendered":"https:\/\/www.europesays.com\/pt\/153190\/"},"modified":"2025-11-15T21:47:53","modified_gmt":"2025-11-15T21:47:53","slug":"dois-mortos-e-tres-feridos-graves-em-acidente-que-envolveu-jose-roquette","status":"publish","type":"post","link":"https:\/\/www.europesays.com\/pt\/153190\/","title":{"rendered":"Dois mortos e tr\u00eas feridos graves em acidente que envolveu Jos\u00e9 Roquette"},"content":{"rendered":"<p>(artigo atualizado \u00e0s 23h50)<\/p>\n<p>Uma colis\u00e3o entre um autocarro e dois autom\u00f3veis provocou dois mortos e tr\u00eas feridos graves na tarde desta sexta-feira, na Estrada Nacional 256, que liga \u00c9vora e Reguengos de Monsaraz, confirmou fonte da Guarda Nacional Republicana (GNR), \u00e0 Lusa.<\/p>\n<p>O acidente rodovi\u00e1rio, perto de S\u00e3o Man\u00e7os, no concelho de \u00c9vora, ditou o corte da circula\u00e7\u00e3o na Estrada Nacional 256. A mesma fonte indicou \u00e0 Lusa que dois dos feridos eram crian\u00e7as e que a circula\u00e7\u00e3o est\u00e1 cortada nos dois sentidos. Uma dessas crian\u00e7as, um beb\u00e9 de um ano, acabou por n\u00e3o resistir aos ferimentos.<\/p>\n<p>Uma das pessoas envolvidas no acidente \u00e9, segundo noticiou a Diana FM, o empres\u00e1rio Jos\u00e9 Roquette, antigo presidente do Sporting, entre 1996 e 2000.<\/p>\n<p>Roquette, de 89 anos, saiu ileso do acidente juntamente com os restantes ocupantes da mesma viatura e j\u00e1 regressou \u00e0 Herdade do Espor\u00e3o. Esta informa\u00e7\u00e3o foi avan\u00e7ada por fontes pr\u00f3ximas do empres\u00e1rio, \u00e0 mesma r\u00e1dio alentejana localizada em \u00c9vora, que d\u00e1 conta de que no autocarro seguiam 32 passageiros.<\/p>\n<p>De acordo com fonte do Comando Sub-Regional de Emerg\u00eancia e Prote\u00e7\u00e3o Civil do Alentejo Central, o alerta para o acidente foi dado \u00e0s 18h03.<\/p>\n<p>Foram mobilizados para o local cerca de 40 operacionais, apoiados por cerca de 20 ve\u00edculos de socorro.<\/p>\n","protected":false},"excerpt":{"rendered":"(artigo atualizado \u00e0s 23h50) Uma colis\u00e3o entre um autocarro e dois autom\u00f3veis provocou dois mortos e tr\u00eas feridos&hellip;\n","protected":false},"author":2,"featured_media":153191,"comment_status":"","ping_status":"","sticky":false,"template":"","format":"standard","meta":{"footnotes":""},"categories":[8],"tags":[59,27,28,4917,13430,6911,13429,15,16,14,33067,33066,25,26,21,22,46,12,13,19,20,32,23,24,33,47,34,17,18,29,30,31],"class_list":{"0":"post-153190","1":"post","2":"type-post","3":"status-publish","4":"format-standard","5":"has-post-thumbnail","7":"category-principais-noticias","8":"tag-acidente","9":"tag-breaking-news","10":"tag-breakingnews","11":"tag-evora","12":"tag-excluircnn","13":"tag-excluirinstant","14":"tag-excluirtvi24","15":"tag-featured-news","16":"tag-featurednews","17":"tag-headlines","18":"tag-herdade-do-esporao","19":"tag-jose-roquette","20":"tag-latest-news","21":"tag-latestnews","22":"tag-main-news","23":"tag-mainnews","24":"tag-maisfutebol","25":"tag-news","26":"tag-noticias","27":"tag-noticias-principais","28":"tag-noticiasprincipais","29":"tag-portugal","30":"tag-principais-noticias","31":"tag-principaisnoticias","32":"tag-pt","33":"tag-pura-paixao","34":"tag-sporting","35":"tag-top-stories","36":"tag-topstories","37":"tag-ultimas","38":"tag-ultimas-noticias","39":"tag-ultimasnoticias"},"share_on_mastodon":{"url":"","error":"Validation failed: Text character limit of 500 exceeded"},"_links":{"self":[{"href":"https:\/\/www.europesays.com\/pt\/wp-json\/wp\/v2\/posts\/153190","targetHints":{"allow":["GET"]}}],"collection":[{"href":"https:\/\/www.europesays.com\/pt\/wp-json\/wp\/v2\/posts"}],"about":[{"href":"https:\/\/www.europesays.com\/pt\/wp-json\/wp\/v2\/types\/post"}],"author":[{"embeddable":true,"href":"https:\/\/www.europesays.com\/pt\/wp-json\/wp\/v2\/users\/2"}],"replies":[{"embeddable":true,"href":"https:\/\/www.europesays.com\/pt\/wp-json\/wp\/v2\/comments?post=153190"}],"version-history":[{"count":0,"href":"https:\/\/www.europesays.com\/pt\/wp-json\/wp\/v2\/posts\/153190\/revisions"}],"wp:featuredmedia":[{"embeddable":true,"href":"https:\/\/www.europesays.com\/pt\/wp-json\/wp\/v2\/media\/153191"}],"wp:attachment":[{"href":"https:\/\/www.europesays.com\/pt\/wp-json\/wp\/v2\/media?parent=153190"}],"wp:term":[{"taxonomy":"category","embeddable":true,"href":"https:\/\/www.europesays.com\/pt\/wp-json\/wp\/v2\/categories?post=153190"},{"taxonomy":"post_tag","embeddable":true,"href":"https:\/\/www.europesays.com\/pt\/wp-json\/wp\/v2\/tags?post=153190"}],"curies":[{"name":"wp","href":"https:\/\/api.w.org\/{rel}","templated":true}]}}