{"id":153198,"date":"2025-11-15T21:53:09","date_gmt":"2025-11-15T21:53:09","guid":{"rendered":"https:\/\/www.europesays.com\/pt\/153198\/"},"modified":"2025-11-15T21:53:09","modified_gmt":"2025-11-15T21:53:09","slug":"davi-se-prepara-para-enfrentar-golias-em-teaser-de-david","status":"publish","type":"post","link":"https:\/\/www.europesays.com\/pt\/153198\/","title":{"rendered":"Davi se prepara para enfrentar Golias em teaser de David"},"content":{"rendered":"<p>Davi se prepara para enfrentar Golias em teaser de David<\/p>\n<p>\n      Anima\u00e7\u00e3o do Angel Studios, de Som da Liberdade, chega aos cinemas dos EUA em dezembro\n    <\/p>\n<p>      <img decoding=\"async\" class=\"reading-time__icon\" src=\"https:\/\/cdn.ome.lt\/static\/omelete25\/img\/clock-icon.svg\" alt=\"Omelete\"\/><\/p>\n<p>\n        1 min de leitura\n      <\/p>\n<p>            <img loading=\"lazy\" decoding=\"async\" class=\"action-buttons__icon\" src=\"https:\/\/cdn.ome.lt\/static\/omelete25\/img\/share-icon.svg\" alt=\"\u00cdcone compartilhamento\" width=\"24\" height=\"24\"\/><\/p>\n<p>        Compartilhar<\/p>\n<p>  <img decoding=\"async\" src=\"https:\/\/cdn.ome.lt\/static\/omelete\/img\/loading.svg\" alt=\"\"\/><\/p>\n<p>  <img decoding=\"async\" class=\"article__cover__image\" data-lazy-src-mob=\"\/\/cdn.ome.lt\/9fNyLJzS0NYmYqGngZfYO-p8rZg=\/570x0\/smart\/filters:format(webp)\/uploads\/conteudo\/fotos\/david-golias-teaser.jpg\" data-lazy-src=\"https:\/\/cdn.ome.lt\/P5WcoHjVN4jypt1id3eBVGXg8Xw=\/987x0\/smart\/filters:format(webp)\/uploads\/conteudo\/fotos\/david-golias-teaser.jpg\" src=\"data:image\/png;base64,iVBORw0KGgoAAAANSUhEUgAAAAEAAAABCAQAAAC1HAwCAAAAC0lEQVR42mNkYAAAAAYAAjCB0C8AAAAASUVORK5CYII=\" alt=\"Imagem de Davi agitando a pedra que jogar\u00e1 em Golias no teaser de David\" title=\"Imagem de Davi agitando a pedra que jogar\u00e1 em Golias no teaser de David\" width=\"987\" height=\"555\" fetchpriority=\"high\"\/><\/p>\n<p dir=\"ltr\">O <strong>Angel Studios <\/strong>revelou um teaser in\u00e9dito de <strong>David<\/strong>, a anima\u00e7\u00e3o que vai recontar a hist\u00f3ria de Davi. Divulgada no Instagram oficial do est\u00fadio, a pr\u00e9via mostra o protagonista se preparando para enfrentar o gigante Golias. Confira abaixo:<\/p>\n<p>            Continua depois da Publicidade<\/p>\n<p dir=\"ltr\">Com dire\u00e7\u00e3o de <strong>Phil Cunningham <\/strong>e <strong>Brent Dawes <\/strong>(O Ritmo da Selva), David\u00a0conta a hist\u00f3ria de como o pastor Davi derrubou o Golias, o gigante campe\u00e3o dos filisteus.<\/p>\n<p dir=\"ltr\">A produ\u00e7\u00e3o tem lan\u00e7amento previsto para o dia 19 de dezembro nos Estados Unidos e no Canad\u00e1, mas at\u00e9 o momento n\u00e3o tem data de estreia no Brasil.<\/p>\n<p>          Omelete Recomenda<\/p>\n<p class=\"lgpd__text\">\n      Ao continuar navegando, declaro que estou ciente e concordo com a nossa<br \/>\n      <a class=\"lgpd__link\" href=\"https:\/\/www.omeletecompany.com\/politica-privacidade\" target=\"_blank\" rel=\"nofollow noopener\">Pol\u00edtica de Privacidade<\/a><br \/>\n      bem como manifesto o consentimento quanto ao fornecimento e tratamento dos dados e cookies para as finalidades ali<br \/>\n      constantes.\n    <\/p>\n<p>    Aceitar<\/p>\n","protected":false},"excerpt":{"rendered":"Davi se prepara para enfrentar Golias em teaser de David Anima\u00e7\u00e3o do Angel Studios, de Som da Liberdade,&hellip;\n","protected":false},"author":2,"featured_media":153199,"comment_status":"","ping_status":"","sticky":false,"template":"","format":"standard","meta":{"footnotes":""},"categories":[140],"tags":[114,115,147,148,146,32,33],"class_list":{"0":"post-153198","1":"post","2":"type-post","3":"status-publish","4":"format-standard","5":"has-post-thumbnail","7":"category-filmes","8":"tag-entertainment","9":"tag-entretenimento","10":"tag-film","11":"tag-filmes","12":"tag-movies","13":"tag-portugal","14":"tag-pt"},"share_on_mastodon":{"url":"https:\/\/pubeurope.com\/@pt\/115555939738603479","error":""},"_links":{"self":[{"href":"https:\/\/www.europesays.com\/pt\/wp-json\/wp\/v2\/posts\/153198","targetHints":{"allow":["GET"]}}],"collection":[{"href":"https:\/\/www.europesays.com\/pt\/wp-json\/wp\/v2\/posts"}],"about":[{"href":"https:\/\/www.europesays.com\/pt\/wp-json\/wp\/v2\/types\/post"}],"author":[{"embeddable":true,"href":"https:\/\/www.europesays.com\/pt\/wp-json\/wp\/v2\/users\/2"}],"replies":[{"embeddable":true,"href":"https:\/\/www.europesays.com\/pt\/wp-json\/wp\/v2\/comments?post=153198"}],"version-history":[{"count":0,"href":"https:\/\/www.europesays.com\/pt\/wp-json\/wp\/v2\/posts\/153198\/revisions"}],"wp:featuredmedia":[{"embeddable":true,"href":"https:\/\/www.europesays.com\/pt\/wp-json\/wp\/v2\/media\/153199"}],"wp:attachment":[{"href":"https:\/\/www.europesays.com\/pt\/wp-json\/wp\/v2\/media?parent=153198"}],"wp:term":[{"taxonomy":"category","embeddable":true,"href":"https:\/\/www.europesays.com\/pt\/wp-json\/wp\/v2\/categories?post=153198"},{"taxonomy":"post_tag","embeddable":true,"href":"https:\/\/www.europesays.com\/pt\/wp-json\/wp\/v2\/tags?post=153198"}],"curies":[{"name":"wp","href":"https:\/\/api.w.org\/{rel}","templated":true}]}}