{"id":153204,"date":"2025-11-15T21:58:08","date_gmt":"2025-11-15T21:58:08","guid":{"rendered":"https:\/\/www.europesays.com\/pt\/153204\/"},"modified":"2025-11-15T21:58:08","modified_gmt":"2025-11-15T21:58:08","slug":"antiga-conserveira-em-matosinhos-e-agora-centro-empresarial","status":"publish","type":"post","link":"https:\/\/www.europesays.com\/pt\/153204\/","title":{"rendered":"Antiga conserveira em Matosinhos \u00e9 agora centro empresarial"},"content":{"rendered":"<p data-remotead-prev-elm=\"true\" data-remotead-elm-id=\"inread\">&#8220;Sendo a maioria das empresas em regime h\u00edbrido [trabalho presencial e teletrabalho], estima-se que o impacto real na economia local ultrapasse os mil empregos&#8221;, observa a C\u00e2mara de Matosinhos, cuja presidente esteve na inaugura\u00e7\u00e3o do novo centro de neg\u00f3cios. &#8220;Somos o quarto munic\u00edpio com maior peso econ\u00f3mico do pa\u00eds, e a atra\u00e7\u00e3o de empresas desta natureza \u00e9 fundamental para refor\u00e7ar a nossa capacidade produtiva e gerar mais riqueza&#8221;, afirmou a autarca.<\/p>\n<p>O Spaces Matosinhos \u00e9 um investimento de 15 milh\u00f5es de euros e \u00e9 a primeira unidade da marca do Norte (o 23.\u00ba no pa\u00eds). O centro tem uma \u00e1rea total de oito mil m2 e, para al\u00e9m do espa\u00e7o destinado a escrit\u00f3rios, tem 3600 m2 de estacionamento coberto.<\/p>\n<p>A interven\u00e7\u00e3o procurou preservar o edif\u00edcio, recuperando a fachada original, enquanto o interior foi renovado. O centro estar\u00e1 aberto 24 horas por dia e vai disponibilizar servi\u00e7os de &#8220;coworking&#8221;, escrit\u00f3rios equipados, salas de reuni\u00e3o e \u00e1reas de lazer. No pr\u00f3ximo ano dever\u00e1 abrir uma unidade da Spaces em Le\u00e7a da Palmeira.v Lu\u00edsa Rodrigues<\/p>\n","protected":false},"excerpt":{"rendered":"&#8220;Sendo a maioria das empresas em regime h\u00edbrido [trabalho presencial e teletrabalho], estima-se que o impacto real na&hellip;\n","protected":false},"author":2,"featured_media":153205,"comment_status":"","ping_status":"","sticky":false,"template":"","format":"standard","meta":{"footnotes":""},"categories":[83],"tags":[88,19484,33069,89,90,3554,32,33],"class_list":{"0":"post-153204","1":"post","2":"type-post","3":"status-publish","4":"format-standard","5":"has-post-thumbnail","7":"category-empresas","8":"tag-business","9":"tag-concelho-matosinhos","10":"tag-conservas","11":"tag-economy","12":"tag-empresas","13":"tag-obras","14":"tag-portugal","15":"tag-pt"},"share_on_mastodon":{"url":"https:\/\/pubeurope.com\/@pt\/115555958947479090","error":""},"_links":{"self":[{"href":"https:\/\/www.europesays.com\/pt\/wp-json\/wp\/v2\/posts\/153204","targetHints":{"allow":["GET"]}}],"collection":[{"href":"https:\/\/www.europesays.com\/pt\/wp-json\/wp\/v2\/posts"}],"about":[{"href":"https:\/\/www.europesays.com\/pt\/wp-json\/wp\/v2\/types\/post"}],"author":[{"embeddable":true,"href":"https:\/\/www.europesays.com\/pt\/wp-json\/wp\/v2\/users\/2"}],"replies":[{"embeddable":true,"href":"https:\/\/www.europesays.com\/pt\/wp-json\/wp\/v2\/comments?post=153204"}],"version-history":[{"count":0,"href":"https:\/\/www.europesays.com\/pt\/wp-json\/wp\/v2\/posts\/153204\/revisions"}],"wp:featuredmedia":[{"embeddable":true,"href":"https:\/\/www.europesays.com\/pt\/wp-json\/wp\/v2\/media\/153205"}],"wp:attachment":[{"href":"https:\/\/www.europesays.com\/pt\/wp-json\/wp\/v2\/media?parent=153204"}],"wp:term":[{"taxonomy":"category","embeddable":true,"href":"https:\/\/www.europesays.com\/pt\/wp-json\/wp\/v2\/categories?post=153204"},{"taxonomy":"post_tag","embeddable":true,"href":"https:\/\/www.europesays.com\/pt\/wp-json\/wp\/v2\/tags?post=153204"}],"curies":[{"name":"wp","href":"https:\/\/api.w.org\/{rel}","templated":true}]}}