{"id":153210,"date":"2025-11-15T22:05:17","date_gmt":"2025-11-15T22:05:17","guid":{"rendered":"https:\/\/www.europesays.com\/pt\/153210\/"},"modified":"2025-11-15T22:05:17","modified_gmt":"2025-11-15T22:05:17","slug":"a-confissao-inesperada-deste-apresentador-da-tvi-chego-aos-52-anos-a-saber-onde-mora-o-amor-secret-story","status":"publish","type":"post","link":"https:\/\/www.europesays.com\/pt\/153210\/","title":{"rendered":"A confiss\u00e3o inesperada deste apresentador da TVI: \u00abChego aos 52 anos a saber onde mora o amor\u00bb &#8211; Secret Story"},"content":{"rendered":"<p><a href=\"https:\/\/tvi.iol.pt\/secretstory\/cristina-ferreira\/claudio-ramos\/cristina-ferreira-celebra-aniversario-de-claudio-ramos-com-mensagem-comovente-gosto-mesmo-dele\" rel=\"nofollow noopener\" target=\"_blank\">Cl\u00e1udio Ramos fez 52 anos no passado dia 11 de novembro<\/a> e esta sexta-feira surpreendeu os seguidores com um desabafo recheado de confiss\u00f5es inesperadas e sentidas, atrav\u00e9s das redes sociais.\u00a0<\/p>\n<p>\u00abPassou mais um ano, mas ainda n\u00e3o aprendi ingl\u00eas, n\u00e3o aprendi a nadar nem me rendi ao CrossFit. N\u00e3o fui \u00e0 Gr\u00e9cia. J\u00e1 n\u00e3o mudo os len\u00e7\u00f3is todos os dias. N\u00e3o bebi uma gota de \u00e1lcool mas tenho um garrafa de Mo\u00ebt &amp; Chandon que comprei este ano para celebrar e ficou por abrir\u00bb, escreveu.\u00a0<\/p>\n<p>No Instagram, Cl\u00e1udio Ramos continuou: \u00abDeixei de comer gelados e voltei a comer ontem. Cumpri o plano de treino, estou satisfeito com o que vejo ao espelho e tenho maior consci\u00eancia alimentar. Apanhei sustos valentes. Escrevi durante nove meses um livro bonito que v\u00e3o conhecer para o ano\u00bb.<\/p>\n<blockquote class=\"instagram-media\" data-instgrm-captioned=\"\" data-instgrm-permalink=\"https:\/\/www.instagram.com\/p\/DRC-ERjjLc6\/?utm_source=ig_embed&amp;utm_campaign=loading\" data-instgrm-version=\"14\" style=\" background:#FFF; border:0; border-radius:3px; box-shadow:0 0 1px 0 rgba(0,0,0,0.5),0 1px 10px 0 rgba(0,0,0,0.15); margin: 1px; max-width:540px; min-width:326px; padding:0; width:99.375%; width:-webkit-calc(100% - 2px); width:calc(100% - 2px);\">\n<\/blockquote>\n<p>\u00a0<\/p>\n<p>\u00abN\u00e3o li tudo o que gostava de ter lido nem fui a todas as pe\u00e7as que me apetecia mas actualizei s\u00e9ries e cinema sempre que pude. Adiei projectos por falta de tempo. Os primeiros seis meses deste ano foram fechados em est\u00fadios de manh\u00e3 \u00e0 noite\u00bb, escreveu.\u00a0<\/p>\n<p>O apresentador acrescentou: \u00abVisitei lugares que j\u00e1 conhecia porque gosto de l\u00e1 voltar e descobri coisas novas. Conheci restaurantes. Acho que viagens e restaurantes s\u00e3o mem\u00f3rias. \u00c9 a melhor heran\u00e7a que posso deixar \u00e0 minha filha\u00bb.\u00a0<\/p>\n<p>\u00abDiscuti menos este ano mas n\u00e3o deixei de discutir quando tive que defender ideias que me parecem necess\u00e1rias. Disse muitas vezes \u2018n\u00e3o\u2019 e selecionei pessoas. Primeiro estou eu. Continuo a gostar muito de estar comigo mas tenho de estar atento para n\u00e3o passar tempo demais\u00bb, afirmou.<\/p>\n<blockquote class=\"instagram-media\" data-instgrm-captioned=\"\" data-instgrm-permalink=\"https:\/\/www.instagram.com\/p\/DQ2Ey4xjF9q\/?utm_source=ig_embed&amp;utm_campaign=loading\" data-instgrm-version=\"14\" style=\" background:#FFF; border:0; border-radius:3px; box-shadow:0 0 1px 0 rgba(0,0,0,0.5),0 1px 10px 0 rgba(0,0,0,0.15); margin: 1px; max-width:540px; min-width:326px; padding:0; width:99.375%; width:-webkit-calc(100% - 2px); width:calc(100% - 2px);\">\n<\/blockquote>\n<p>\u00a0<\/p>\n<p>Cl\u00e1udio Ramos disse ainda:\u00a0\u00abChego aos 52 irritado com a idade. Feliz com o que me deu, mais inquieto com o que me vai tirando. Chego com uma estrela no c\u00e9u e sem medo de bater com a cabe\u00e7a no ch\u00e3o. Chego orgulhoso como pai. Feliz na carreira. Certo que sou bom irm\u00e3o, bom filho, um amigo com quem se pode contar sempre, um bom companheiro de trabalho e um cora\u00e7\u00e3o paciente\u00bb.\u00a0<\/p>\n<p>\u00abAos 52 Continuo a achar o azul a cor mais bonita. A gostar de dias de chuva, de meias coloridas, de camisas leves, de copos de \u00e1gua \u00e0 chegada, de dar presentes e apreciar a cara atrapalhada de quem os recebe. Chego aos 52 anos a saber onde mora o amor. Chego vaidoso, t\u00edmido, inseguro, inquieto, curioso, teimoso \u2026 por falar nisso, ainda hoje pensei que aos 52 continuo a lixar as costas porque, por teimosia, n\u00e3o uso a cal\u00e7adeira\u00bb, rematou.\u00a0<\/p>\n<p>Percorra\u00a0 a galeria de fotografias que prepar\u00e1mos para si com as imagens da celebra\u00e7\u00e3o dos 52 anos de Cl\u00e1udio Ramos.\u00a0<\/p>\n<p>                        <script async src=\"\/\/www.instagram.com\/embed.js\"><\/script><\/p>\n","protected":false},"excerpt":{"rendered":"Cl\u00e1udio Ramos fez 52 anos no passado dia 11 de novembro e esta sexta-feira surpreendeu os seguidores com&hellip;\n","protected":false},"author":2,"featured_media":153211,"comment_status":"","ping_status":"","sticky":false,"template":"","format":"standard","meta":{"footnotes":""},"categories":[142],"tags":[18706,329,114,115,18705,32,33,151,18704],"class_list":{"0":"post-153210","1":"post","2":"type-post","3":"status-publish","4":"format-standard","5":"has-post-thumbnail","7":"category-tv","8":"tag-bastidores-secret-story","9":"tag-claudio-ramos","10":"tag-entertainment","11":"tag-entretenimento","12":"tag-entrevistas-concorrentes-tvi","13":"tag-portugal","14":"tag-pt","15":"tag-tv","16":"tag-vida-fora-da-casa"},"share_on_mastodon":{"url":"https:\/\/pubeurope.com\/@pt\/115555986698854295","error":""},"_links":{"self":[{"href":"https:\/\/www.europesays.com\/pt\/wp-json\/wp\/v2\/posts\/153210","targetHints":{"allow":["GET"]}}],"collection":[{"href":"https:\/\/www.europesays.com\/pt\/wp-json\/wp\/v2\/posts"}],"about":[{"href":"https:\/\/www.europesays.com\/pt\/wp-json\/wp\/v2\/types\/post"}],"author":[{"embeddable":true,"href":"https:\/\/www.europesays.com\/pt\/wp-json\/wp\/v2\/users\/2"}],"replies":[{"embeddable":true,"href":"https:\/\/www.europesays.com\/pt\/wp-json\/wp\/v2\/comments?post=153210"}],"version-history":[{"count":0,"href":"https:\/\/www.europesays.com\/pt\/wp-json\/wp\/v2\/posts\/153210\/revisions"}],"wp:featuredmedia":[{"embeddable":true,"href":"https:\/\/www.europesays.com\/pt\/wp-json\/wp\/v2\/media\/153211"}],"wp:attachment":[{"href":"https:\/\/www.europesays.com\/pt\/wp-json\/wp\/v2\/media?parent=153210"}],"wp:term":[{"taxonomy":"category","embeddable":true,"href":"https:\/\/www.europesays.com\/pt\/wp-json\/wp\/v2\/categories?post=153210"},{"taxonomy":"post_tag","embeddable":true,"href":"https:\/\/www.europesays.com\/pt\/wp-json\/wp\/v2\/tags?post=153210"}],"curies":[{"name":"wp","href":"https:\/\/api.w.org\/{rel}","templated":true}]}}