{"id":153212,"date":"2025-11-15T22:06:08","date_gmt":"2025-11-15T22:06:08","guid":{"rendered":"https:\/\/www.europesays.com\/pt\/153212\/"},"modified":"2025-11-15T22:06:08","modified_gmt":"2025-11-15T22:06:08","slug":"tudo-sobre-shows-de-dua-lipa-no-brasil","status":"publish","type":"post","link":"https:\/\/www.europesays.com\/pt\/153212\/","title":{"rendered":"tudo sobre shows de Dua Lipa no Brasil"},"content":{"rendered":"<p><img decoding=\"async\" fetchpriority=\"high\" src=\"https:\/\/www.europesays.com\/pt\/wp-content\/uploads\/2025\/11\/4ubqda36ukby49s9otvliaz60.jpg\" width=\"906\" height=\"509\" alt=\"Dua Lipa\" title=\"Dua Lipa\"\/>Foto: Reprodu\u00e7\u00e3o \/ Instagram \/ @dualipa<\/p>\n<p>Dua Lipa<\/p>\n<p><strong>Dua Lipa,<\/strong> de 30 anos, se apresentar\u00e1 no Brasil outra vez. Agora, a cantora e compositora traz a turn\u00ea &#8220;Radical Optimism&#8221; aos f\u00e3s brasileiros. Dois shows est\u00e3o previstos durante a estadia dela no pa\u00eds.<\/p>\n<p>O primeiro ocorre Neste s\u00e1bado (15), no Morumbis, em S\u00e3o Paulo. J\u00e1 o segundo ser\u00e1 na Farmasi Arena, no Rio de Janeiro, no pr\u00f3ximo s\u00e1bado, dia 22. Com uma megaestrutura, interpretar\u00e1 as faixas disponibilizadas no terceiro disco lan\u00e7ado por ela.<\/p>\n<p class=\"\">No entanto, outras m\u00fasicas, de \u00e1lbuns anteriores, como &#8220;Future Nostalgia&#8221;, tamb\u00e9m ser\u00e3o cantadas por ela. Confira a setlist completa:<\/p>\n<ul>\n<li>Training Season<\/li>\n<li>End of an Era<\/li>\n<li>Break My Heart<\/li>\n<li>One Kiss<\/li>\n<li>Whatcha Doing<\/li>\n<li>Levitating<\/li>\n<li>These Walls<\/li>\n<li>(Vers\u00e3o surpresa)<\/li>\n<li>Maria<\/li>\n<li>Physical<\/li>\n<li>Electricity<\/li>\n<li>Hallucinate<\/li>\n<li>Illusion<\/li>\n<li>Horse<\/li>\n<li>Falling Forever<\/li>\n<li>Happy for You<\/li>\n<li>Love Again<\/li>\n<li>Anything for Love<\/li>\n<li>Be the One<\/li>\n<li>New Rules<\/li>\n<li>Dance the Night<\/li>\n<li>Don&#8217;t Start Now<\/li>\n<li>Houdini<\/li>\n<\/ul>\n<p>Homenagem aos f\u00e3s brasileiros<\/p>\n<p>A cantora e compositora tamb\u00e9m garantiu que ter\u00e1 uma can\u00e7\u00e3o surpresa durante as apresenta\u00e7\u00f5es no Brasil. A artista estudou portugu\u00eas nas \u00faltimas semanas e pretende cantar uma m\u00fasica no idioma. N\u00e3o se sabe o g\u00eanero, mas vale ressaltar que, al\u00e9m do Pop,\u00a0 <a href=\"https:\/\/gente.ig.com.br\/celebridades\/2025-05-28\/dua-lipa-ousa-com-biquini-e-ganha-elogios---rainha-.html\" target=\"_blank\" rel=\"noopener nofollow\" data-mce-href=\"https:\/\/gente.ig.com.br\/celebridades\/2025-05-28\/dua-lipa-ousa-com-biquini-e-ganha-elogios---rainha-.html\" data-mce->Dua<\/a> j\u00e1 se aventurou pelo Rock e tamb\u00e9m pelo R&amp;B.\u00a0<\/p>\n<p>Ingressos<\/p>\n<p>Os valores v\u00e3o de R$ 230 (arquibancada, meia, SP) at\u00e9 R$ 940 (premium, inteira, RJ). Os ingressos podem ser adquiridos pela Ticketmaster.<\/p>\n<p>Leia mais<\/p>\n","protected":false},"excerpt":{"rendered":"Foto: Reprodu\u00e7\u00e3o \/ Instagram \/ @dualipa Dua Lipa Dua Lipa, de 30 anos, se apresentar\u00e1 no Brasil outra&hellip;\n","protected":false},"author":2,"featured_media":153213,"comment_status":"","ping_status":"","sticky":false,"template":"","format":"standard","meta":{"footnotes":""},"categories":[141],"tags":[726,1639,114,115,33070,149,150,32,33,33071,2326],"class_list":{"0":"post-153212","1":"post","2":"type-post","3":"status-publish","4":"format-standard","5":"has-post-thumbnail","7":"category-musica","8":"tag-brasil","9":"tag-dua-lipa","10":"tag-entertainment","11":"tag-entretenimento","12":"tag-estrela-internacional","13":"tag-music","14":"tag-musica","15":"tag-portugal","16":"tag-pt","17":"tag-radical-optimism","18":"tag-rio-de-janeiro"},"share_on_mastodon":{"url":"https:\/\/pubeurope.com\/@pt\/115555991055774169","error":""},"_links":{"self":[{"href":"https:\/\/www.europesays.com\/pt\/wp-json\/wp\/v2\/posts\/153212","targetHints":{"allow":["GET"]}}],"collection":[{"href":"https:\/\/www.europesays.com\/pt\/wp-json\/wp\/v2\/posts"}],"about":[{"href":"https:\/\/www.europesays.com\/pt\/wp-json\/wp\/v2\/types\/post"}],"author":[{"embeddable":true,"href":"https:\/\/www.europesays.com\/pt\/wp-json\/wp\/v2\/users\/2"}],"replies":[{"embeddable":true,"href":"https:\/\/www.europesays.com\/pt\/wp-json\/wp\/v2\/comments?post=153212"}],"version-history":[{"count":0,"href":"https:\/\/www.europesays.com\/pt\/wp-json\/wp\/v2\/posts\/153212\/revisions"}],"wp:featuredmedia":[{"embeddable":true,"href":"https:\/\/www.europesays.com\/pt\/wp-json\/wp\/v2\/media\/153213"}],"wp:attachment":[{"href":"https:\/\/www.europesays.com\/pt\/wp-json\/wp\/v2\/media?parent=153212"}],"wp:term":[{"taxonomy":"category","embeddable":true,"href":"https:\/\/www.europesays.com\/pt\/wp-json\/wp\/v2\/categories?post=153212"},{"taxonomy":"post_tag","embeddable":true,"href":"https:\/\/www.europesays.com\/pt\/wp-json\/wp\/v2\/tags?post=153212"}],"curies":[{"name":"wp","href":"https:\/\/api.w.org\/{rel}","templated":true}]}}