{"id":153214,"date":"2025-11-15T22:07:19","date_gmt":"2025-11-15T22:07:19","guid":{"rendered":"https:\/\/www.europesays.com\/pt\/153214\/"},"modified":"2025-11-15T22:07:19","modified_gmt":"2025-11-15T22:07:19","slug":"pluribus-a-felicidade-como-epidemia-vida","status":"publish","type":"post","link":"https:\/\/www.europesays.com\/pt\/153214\/","title":{"rendered":"\u2018Pluribus\u2019. A felicidade como epidemia &#8211; Vida"},"content":{"rendered":"<p class=\"p1\"><b>Acompanhe toda a atualidade informativa em\u00a0<\/b><a href=\"http:\/\/24noticias.sapo.pt\" rel=\"nofollow noopener\" target=\"_blank\"><b>24noticias.sapo.pt<\/b><\/a><\/p>\n<p>A hist\u00f3ria acompanha Carol Sturka (interpretada por Rhea Seehorn), uma escritora de romances er\u00f3ticos frustrada com a sua carreira e a monotonia art\u00edstica. Tudo muda quando um misterioso v\u00edrus extraterrestre atinge a Terra, transformando quase toda a popula\u00e7\u00e3o num coletivo de mentes interligadas \u2014 hive mind (conceito que descreve um estado onde a intelig\u00eancia coletiva sobrep\u00f5em-se \u00e0 experi\u00eancia individual) \u2014 onde a dor, o conflito e o ego deixaram de existir. A personagem de Carol est\u00e1 entre as onze pessoas que permanecem imunes, e \u00e9 atrav\u00e9s do seu olhar que o espectador \u00e9 confrontado com o pre\u00e7o da felicidade absoluta.<\/p>\n<p>Estreada na Apple TV+ a 7 de novembro, Pluribus\u00a0marca o regresso de Vince Gilligan \u00e0 televis\u00e3o ap\u00f3s o sucesso de Better Call Saul. O autor volta a explorar temas que lhe s\u00e3o familiares: a fronteira entre o bem e o mal, a ilus\u00e3o do controlo e a tenta\u00e7\u00e3o de &#8216;corrigir&#8217; o mundo \u2014 mas desta vez num registo mais filos\u00f3fico e de fic\u00e7\u00e3o cient\u00edfica.<\/p>\n<p>Em entrevista ao <a href=\"https:\/\/g1.globo.com\/pop-arte\/tv-e-series\/noticia\/2025\/11\/07\/em-pluribus-criador-de-breaking-bad-mostra-a-luta-da-mulher-mais-triste-do-mundo-contra-a-felicidade.ghtml\" target=\"_blank\" rel=\"noopener noreferrer nofollow\">G1<\/a>, o autor explica o que o motivou a criar a personagem principal: \u201cacho que o cora\u00e7\u00e3o da Carol est\u00e1 no s\u00edtio certo, muito mais do que o de Walter White. E gosto de v\u00ea-la a tentar salvar o mundo. Ela n\u00e3o quer ser uma hero\u00edna por vaidade, quer apenas fazer o que acha certo.\u201d<\/p>\n<p>A s\u00e9rie volta ao lado de fic\u00e7\u00e3o cient\u00edfica do autor que explorou em programas como The X-files (Ficheiros Secretos em Portugal) e promete ser mais do que uma hist\u00f3ria sobre uma pandemia alien\u00edgena: \u00e9 uma par\u00e1bola sobre o que significa ser humano num mundo onde todos pensam da mesma forma.<\/p>\n<p class=\"p1\">__<\/p>\n<p class=\"p1\"><b>A sua newsletter de sempre, agora ainda mais \u00fatil<\/b><\/p>\n<p class=\"p1\">Com o lan\u00e7amento da nova marca de informa\u00e7\u00e3o\u00a0<b>24not\u00edcias<\/b>, estamos a mudar a plataforma de newsletters, aproveitando para refor\u00e7ar a informa\u00e7\u00e3o que os leitores mais valorizam:\u00a0<b>a que lhes \u00e9 \u00fatil, ajuda a tomar decis\u00f5es e a entender o mundo.<\/b><\/p>\n<p class=\"p1\"><b>Assine a nova newsletter do 24not\u00edcias\u00a0<\/b><a href=\"https:\/\/sapo.us1.list-manage.com\/subscribe?u=8f49263740b14ab5854be8045&amp;id=57a39c5e8f\" rel=\"nofollow noopener\" target=\"_blank\"><b>aqui<\/b><\/a><b>.<\/b><\/p>\n","protected":false},"excerpt":{"rendered":"Acompanhe toda a atualidade informativa em\u00a024noticias.sapo.pt A hist\u00f3ria acompanha Carol Sturka (interpretada por Rhea Seehorn), uma escritora de&hellip;\n","protected":false},"author":2,"featured_media":153215,"comment_status":"","ping_status":"","sticky":false,"template":"","format":"standard","meta":{"footnotes":""},"categories":[140],"tags":[114,115,147,148,146,32,33],"class_list":{"0":"post-153214","1":"post","2":"type-post","3":"status-publish","4":"format-standard","5":"has-post-thumbnail","7":"category-filmes","8":"tag-entertainment","9":"tag-entretenimento","10":"tag-film","11":"tag-filmes","12":"tag-movies","13":"tag-portugal","14":"tag-pt"},"share_on_mastodon":{"url":"https:\/\/pubeurope.com\/@pt\/115555994404063863","error":""},"_links":{"self":[{"href":"https:\/\/www.europesays.com\/pt\/wp-json\/wp\/v2\/posts\/153214","targetHints":{"allow":["GET"]}}],"collection":[{"href":"https:\/\/www.europesays.com\/pt\/wp-json\/wp\/v2\/posts"}],"about":[{"href":"https:\/\/www.europesays.com\/pt\/wp-json\/wp\/v2\/types\/post"}],"author":[{"embeddable":true,"href":"https:\/\/www.europesays.com\/pt\/wp-json\/wp\/v2\/users\/2"}],"replies":[{"embeddable":true,"href":"https:\/\/www.europesays.com\/pt\/wp-json\/wp\/v2\/comments?post=153214"}],"version-history":[{"count":0,"href":"https:\/\/www.europesays.com\/pt\/wp-json\/wp\/v2\/posts\/153214\/revisions"}],"wp:featuredmedia":[{"embeddable":true,"href":"https:\/\/www.europesays.com\/pt\/wp-json\/wp\/v2\/media\/153215"}],"wp:attachment":[{"href":"https:\/\/www.europesays.com\/pt\/wp-json\/wp\/v2\/media?parent=153214"}],"wp:term":[{"taxonomy":"category","embeddable":true,"href":"https:\/\/www.europesays.com\/pt\/wp-json\/wp\/v2\/categories?post=153214"},{"taxonomy":"post_tag","embeddable":true,"href":"https:\/\/www.europesays.com\/pt\/wp-json\/wp\/v2\/tags?post=153214"}],"curies":[{"name":"wp","href":"https:\/\/api.w.org\/{rel}","templated":true}]}}