{"id":153218,"date":"2025-11-15T22:10:27","date_gmt":"2025-11-15T22:10:27","guid":{"rendered":"https:\/\/www.europesays.com\/pt\/153218\/"},"modified":"2025-11-15T22:10:27","modified_gmt":"2025-11-15T22:10:27","slug":"quem-sera-expulso-este-domingo-16-de-novembro-do-secret-story-sondagem-nao-deixa-grandes-duvidas","status":"publish","type":"post","link":"https:\/\/www.europesays.com\/pt\/153218\/","title":{"rendered":"Quem ser\u00e1 expulso este domingo [16 de novembro] do Secret Story? Sondagem n\u00e3o deixa grandes d\u00favidas"},"content":{"rendered":"<p>\t\t\t\t\t\t\t\t\t\t\t\t<a href=\"#\" onclick=\"window.open('http:\/\/www.facebook.com\/sharer.php?u=https:\/\/cusquices.com\/quem-sera-expulso-este-domingo-16-de-novembro-do-secret-story-sondagem-nao-deixa-grandes-duvidas\/&amp;t=Quem ser\u00e1 expulso este domingo [16 de novembro] do Secret Story? Sondagem n\u00e3o deixa grandes d\u00favidas', 'facebookShare', 'width=626,height=436'); return false;\" title=\"Share on Facebook\"><\/p>\n<p>Share<\/p>\n<p><\/a><br \/>\n\t\t\t\t\t\t\t\t\t\t\t\t<a href=\"#\" onclick=\"window.open('http:\/\/twitter.com\/share?text=Quem ser\u00e1 expulso este domingo [16 de novembro] do Secret Story? Sondagem n\u00e3o deixa grandes d\u00favidas -&amp;url=https:\/\/cusquices.com\/quem-sera-expulso-este-domingo-16-de-novembro-do-secret-story-sondagem-nao-deixa-grandes-duvidas\/', 'twitterShare', 'width=626,height=436'); return false;\" title=\"Tweet This Post\"><\/p>\n<p>Tweet<\/p>\n<p><\/a><br \/>\n\t\t\t\t\t\t\t\t\t\t\t\t<a href=\"whatsapp:\/\/send?text=Quem ser\u00e1 expulso este domingo [16 de novembro] do Secret Story? Sondagem n\u00e3o deixa grandes d\u00favidas https:\/\/cusquices.com\/quem-sera-expulso-este-domingo-16-de-novembro-do-secret-story-sondagem-nao-deixa-grandes-duvidas\/\" rel=\"nofollow\"><\/p>\n<p>Share<\/p>\n<p><\/a><br \/>\n\t\t\t\t\t\t\t\t\t\t\t\t<a href=\"#\" onclick=\"window.open('http:\/\/pinterest.com\/pin\/create\/button\/?url=https:\/\/cusquices.com\/quem-sera-expulso-este-domingo-16-de-novembro-do-secret-story-sondagem-nao-deixa-grandes-duvidas\/&amp;media=https:\/\/cusquices.com\/wp-content\/uploads\/2025\/11\/nomeados9-1000x600.jpg&amp;description=Quem ser\u00e1 expulso este domingo [16 de novembro] do Secret Story? Sondagem n\u00e3o deixa grandes d\u00favidas', 'pinterestShare', 'width=750,height=350'); return false;\" title=\"Pin This Post\"><\/p>\n<p>Share<\/p>\n<p><\/a><br \/>\n\t\t\t\t\t\t\t\t\t\t\t\t<a href=\"mailto:?subject=Quem ser\u00e1 expulso este domingo [16 de novembro] do Secret Story? Sondagem n\u00e3o deixa grandes d\u00favidas&amp;BODY=I found this article interesting and thought of sharing it with you. Check it out: https:\/\/cusquices.com\/quem-sera-expulso-este-domingo-16-de-novembro-do-secret-story-sondagem-nao-deixa-grandes-duvidas\/\"><\/p>\n<p>Email<\/p>\n<p><\/a><br \/>\n\t\t\t\t\t\t\t\t\t\t\t\t\t\t\t\t\t\t\t\t\t\t\t\t\t\t\t\t\t\t\t\t\t\t\t\t\t\t\t\t\t\t\t\t\t\t\t\t\t\t\t\t\t<a href=\"https:\/\/cusquices.com\/quem-sera-expulso-este-domingo-16-de-novembro-do-secret-story-sondagem-nao-deixa-grandes-duvidas\/#respond\" rel=\"nofollow noopener\" target=\"_blank\"><\/p>\n<p>Ana, Ana Cristina, Dylan, Leandro ou Pedro quem ser\u00e1 expulso? Sondagem aponta quem poder\u00e1 ser o elo mais fraco.<\/p>\n<p>Este domingo, 16 de novembro,\u00a0<strong>Cristina Ferreira\u00a0<\/strong>vai conduzir mais uma gala do\u00a0<strong>Secret Story.<\/strong>\u00a0As portas da casa mais vigiada do pa\u00eds v\u00e3o voltar a abrir-se para expulsar mais um concorrente e em risco temos \u2013 <strong>Ana, Ana Cristina, Dylan, Leandro ou Pedro.<\/strong><\/p>\n<p>Os resultados da sondagem que decorre no nosso blog apontam um duelo renhido. Quem poder\u00e1 ser o pr\u00f3ximo a abandonar a casa mais vigiada do pa\u00eds? Vamos espreitar os resultados da sondagem deste s\u00e1bado, 15 de novembro.<\/p>\n<p>Pedro Jorge \u00e9 o concorrente mais votado para salvar com 46,33% dos votos, seguido de\u00a0<strong>Leandro\u00a0<\/strong>com 28,20% dos votos e\u00a0<strong>Ana Cristina<\/strong>\u00a0com 10,81% dos votos. Entre os menos votados temos,\u00a0<strong>Dylan\u00a0<\/strong>com 9,18% dos votos e\u00a0<strong>Ana<\/strong>\u00a0com 5,47% dos votos.<\/p>\n<p><img loading=\"lazy\" decoding=\"async\" width=\"1024\" height=\"523\" src=\"https:\/\/www.europesays.com\/pt\/wp-content\/uploads\/2025\/11\/sondagem-15-1024x523.png\" alt=\"\" class=\"wp-image-100255 webpexpress-processed\" style=\"width:560px;height:auto\"  \/>Resultado Sondagem Cusquices \u2013 15 de novembro<\/p>\n<p><strong>Leia tamb\u00e9m:<\/strong><\/p>\n<p>\t\t\t\t\t\t\t\t\t\t\t\t\t\t\t\t\t\t\t\t\t\t\t\t\t<img decoding=\"async\" src=\"https:\/\/www.europesays.com\/pt\/wp-content\/uploads\/2025\/10\/cusquices-logo-52x.png\" class=\"webpexpress-processed\"\/><\/p>\n<p>\t\t\t\t\t\t\t\t\t\t\t\t\t\t\t\t\t\t\t\t\t            \t\t\t\t\t\t\t\t\t\t\t\t\t\t\t\t\t\t\t\t\t\t\t\t\t\t\t\t\t\t\t\t\t\t\t\t\t\t\t<script async src=\"https:\/\/platform.twitter.com\/widgets.js\" charset=\"utf-8\"><\/script><\/p>\n","protected":false},"excerpt":{"rendered":"Share Tweet Share Share Email Ana, Ana Cristina, Dylan, Leandro ou Pedro quem ser\u00e1 expulso? Sondagem aponta quem&hellip;\n","protected":false},"author":2,"featured_media":148588,"comment_status":"","ping_status":"","sticky":false,"template":"","format":"standard","meta":{"footnotes":""},"categories":[85],"tags":[2632,49,114,115,32,33],"class_list":{"0":"post-153218","1":"post","2":"type-post","3":"status-publish","4":"format-standard","5":"has-post-thumbnail","7":"category-entretenimento","8":"tag-casa-dos-segredos","9":"tag-destaques","10":"tag-entertainment","11":"tag-entretenimento","12":"tag-portugal","13":"tag-pt"},"share_on_mastodon":{"url":"https:\/\/pubeurope.com\/@pt\/115556006507064618","error":""},"_links":{"self":[{"href":"https:\/\/www.europesays.com\/pt\/wp-json\/wp\/v2\/posts\/153218","targetHints":{"allow":["GET"]}}],"collection":[{"href":"https:\/\/www.europesays.com\/pt\/wp-json\/wp\/v2\/posts"}],"about":[{"href":"https:\/\/www.europesays.com\/pt\/wp-json\/wp\/v2\/types\/post"}],"author":[{"embeddable":true,"href":"https:\/\/www.europesays.com\/pt\/wp-json\/wp\/v2\/users\/2"}],"replies":[{"embeddable":true,"href":"https:\/\/www.europesays.com\/pt\/wp-json\/wp\/v2\/comments?post=153218"}],"version-history":[{"count":0,"href":"https:\/\/www.europesays.com\/pt\/wp-json\/wp\/v2\/posts\/153218\/revisions"}],"wp:featuredmedia":[{"embeddable":true,"href":"https:\/\/www.europesays.com\/pt\/wp-json\/wp\/v2\/media\/148588"}],"wp:attachment":[{"href":"https:\/\/www.europesays.com\/pt\/wp-json\/wp\/v2\/media?parent=153218"}],"wp:term":[{"taxonomy":"category","embeddable":true,"href":"https:\/\/www.europesays.com\/pt\/wp-json\/wp\/v2\/categories?post=153218"},{"taxonomy":"post_tag","embeddable":true,"href":"https:\/\/www.europesays.com\/pt\/wp-json\/wp\/v2\/tags?post=153218"}],"curies":[{"name":"wp","href":"https:\/\/api.w.org\/{rel}","templated":true}]}}