{"id":153230,"date":"2025-11-15T22:29:24","date_gmt":"2025-11-15T22:29:24","guid":{"rendered":"https:\/\/www.europesays.com\/pt\/153230\/"},"modified":"2025-11-15T22:29:24","modified_gmt":"2025-11-15T22:29:24","slug":"um-morto-e-quatro-feridos-graves-em-colisao-entre-autocarro-e-dois-automoveis-perto-de-evora","status":"publish","type":"post","link":"https:\/\/www.europesays.com\/pt\/153230\/","title":{"rendered":"Um morto e quatro feridos graves em colis\u00e3o entre autocarro e dois autom\u00f3veis perto de \u00c9vora"},"content":{"rendered":"<p>Uma colis\u00e3o entre um autocarro e dois autom\u00f3veis provocou esta sexta-feira, 14 de novembro, dois mortos e tr\u00eas feridos graves e o corte da circula\u00e7\u00e3o na Estrada Nacional 256 perto de S\u00e3o Man\u00e7os, no concelho de \u00c9vora, disse fonte da GNR.<\/p>\n<p>A mesma fonte indicou \u00e0 ag\u00eancia Lusa a circula\u00e7\u00e3o est\u00e1 cortada nos dois sentidos.<\/p>\n<p>Segundo a <a aria-label=\"content\" target=\"_blank\" href=\"https:\/\/sicnoticias.pt\/pais\/2025-11-14-morreu-o-bebe-de-um-ano-que-tinha-ficado-ferido-no-acidente-em-evora-227f97a3\" rel=\"nofollow noopener\">SIC Not\u00edcias<\/a>, um dos mortos \u00e9 um beb\u00e9 de um ano que havia sido encontrado em paragem cardiorrespirat\u00f3ria. Embora estabilizado pelos bombeiros e transportado para o Hospital de \u00c9vora, n\u00e3o resistiu aos ferimentos.<\/p>\n<p>A outra v\u00edtima \u00e9 o condutor de um dos autom\u00f3veis.<\/p>\n","protected":false},"excerpt":{"rendered":"Uma colis\u00e3o entre um autocarro e dois autom\u00f3veis provocou esta sexta-feira, 14 de novembro, dois mortos e tr\u00eas&hellip;\n","protected":false},"author":2,"featured_media":153231,"comment_status":"","ping_status":"","sticky":false,"template":"","format":"standard","meta":{"footnotes":""},"categories":[10],"tags":[59,27,28,4917,15,16,14,25,26,21,22,12,13,19,20,32,23,24,33,33073,17,18,29,30,31],"class_list":{"0":"post-153230","1":"post","2":"type-post","3":"status-publish","4":"format-standard","5":"has-post-thumbnail","7":"category-portugal","8":"tag-acidente","9":"tag-breaking-news","10":"tag-breakingnews","11":"tag-evora","12":"tag-featured-news","13":"tag-featurednews","14":"tag-headlines","15":"tag-latest-news","16":"tag-latestnews","17":"tag-main-news","18":"tag-mainnews","19":"tag-news","20":"tag-noticias","21":"tag-noticias-principais","22":"tag-noticiasprincipais","23":"tag-portugal","24":"tag-principais-noticias","25":"tag-principaisnoticias","26":"tag-pt","27":"tag-sao-mancos","28":"tag-top-stories","29":"tag-topstories","30":"tag-ultimas","31":"tag-ultimas-noticias","32":"tag-ultimasnoticias"},"share_on_mastodon":{"url":"https:\/\/pubeurope.com\/@pt\/115556081138712877","error":""},"_links":{"self":[{"href":"https:\/\/www.europesays.com\/pt\/wp-json\/wp\/v2\/posts\/153230","targetHints":{"allow":["GET"]}}],"collection":[{"href":"https:\/\/www.europesays.com\/pt\/wp-json\/wp\/v2\/posts"}],"about":[{"href":"https:\/\/www.europesays.com\/pt\/wp-json\/wp\/v2\/types\/post"}],"author":[{"embeddable":true,"href":"https:\/\/www.europesays.com\/pt\/wp-json\/wp\/v2\/users\/2"}],"replies":[{"embeddable":true,"href":"https:\/\/www.europesays.com\/pt\/wp-json\/wp\/v2\/comments?post=153230"}],"version-history":[{"count":0,"href":"https:\/\/www.europesays.com\/pt\/wp-json\/wp\/v2\/posts\/153230\/revisions"}],"wp:featuredmedia":[{"embeddable":true,"href":"https:\/\/www.europesays.com\/pt\/wp-json\/wp\/v2\/media\/153231"}],"wp:attachment":[{"href":"https:\/\/www.europesays.com\/pt\/wp-json\/wp\/v2\/media?parent=153230"}],"wp:term":[{"taxonomy":"category","embeddable":true,"href":"https:\/\/www.europesays.com\/pt\/wp-json\/wp\/v2\/categories?post=153230"},{"taxonomy":"post_tag","embeddable":true,"href":"https:\/\/www.europesays.com\/pt\/wp-json\/wp\/v2\/tags?post=153230"}],"curies":[{"name":"wp","href":"https:\/\/api.w.org\/{rel}","templated":true}]}}