{"id":153292,"date":"2025-11-15T23:34:14","date_gmt":"2025-11-15T23:34:14","guid":{"rendered":"https:\/\/www.europesays.com\/pt\/153292\/"},"modified":"2025-11-15T23:34:14","modified_gmt":"2025-11-15T23:34:14","slug":"incrivel-viagem-da-selecao-da-bielorrussia-para-a-dinamarca-demorou-cerca-de-um-dia","status":"publish","type":"post","link":"https:\/\/www.europesays.com\/pt\/153292\/","title":{"rendered":"Incr\u00edvel: viagem da sele\u00e7\u00e3o da Bielorr\u00fassia para a Dinamarca demorou cerca de um dia"},"content":{"rendered":"<p>A viagem da sele\u00e7\u00e3o da Bielorr\u00fassia para a Dinamarca, no \u00e2mbito do jogo de qualifica\u00e7\u00e3o para o Mundial 2026 agendado para s\u00e1bado, ficou marcada por um atraso significativo, ditando que o trajeto desde Minsk at\u00e9 Copenhaga, com passagem pela Pol\u00f3nia, demorasse cerca de um dia, entre quinta-feira e esta sexta-feira.<\/p>\n<p>A equipa bielorrussa arrancou de Minsk pelas 20 horas locais de quinta-feira (17 horas em Portugal Continental), com destino \u00e0 capital da Pol\u00f3nia, Vars\u00f3via, num autocarro fretado pela Federa\u00e7\u00e3o Bielorrussa de Futebol (ABFF). Por\u00e9m, segundo o organismo, houve um atraso na passagem pelo posto de controlo polaco, que demorou \u00abmais de 12 horas\u00bb.<\/p>\n<p>\u00abGra\u00e7as aos esfor\u00e7os coordenados da guarda de fronteira bielorrussa, a travessia da fronteira levou uma hora e meia. Infelizmente, por raz\u00f5es desconhecidas, o tempo subsequente em territ\u00f3rio neutro e a passagem pelo posto de controlo polaco duraram mais de 12 horas\u00bb, relatou a ABFF.<\/p>\n<p>A situa\u00e7\u00e3o levou a federa\u00e7\u00e3o a \u00abcoordenar o reagendamento do voo fretado Vars\u00f3via-Copenhaga, que tinha sido reservado para agilizar a log\u00edstica at\u00e9 ao local da partida\u00bb, segundo adiantou tamb\u00e9m a entidade.<\/p>\n<p>A comitiva bielorrussa chegou a solo dinamarqu\u00eas perto das 18 horas portuguesas e, ao final da tarde, realizaram-se o treino e a confer\u00eancia de imprensa no Est\u00e1dio Parken, em Copenhaga.<\/p>\n<p>O Dinamarca-Bielorr\u00fassia, do grupo C de qualifica\u00e7\u00e3o, est\u00e1 agendado para as 19h45 de s\u00e1bado.<\/p>\n","protected":false},"excerpt":{"rendered":"A viagem da sele\u00e7\u00e3o da Bielorr\u00fassia para a Dinamarca, no \u00e2mbito do jogo de qualifica\u00e7\u00e3o para o Mundial&hellip;\n","protected":false},"author":2,"featured_media":153293,"comment_status":"","ping_status":"","sticky":false,"template":"","format":"standard","meta":{"footnotes":""},"categories":[87],"tags":[2870,14840,135,4639,4238,46,33080,12632,32,33,47,134,814],"class_list":{"0":"post-153292","1":"post","2":"type-post","3":"status-publish","4":"format-standard","5":"has-post-thumbnail","7":"category-desporto","8":"tag-bielorrussia","9":"tag-copenhaga","10":"tag-desporto","11":"tag-dinamarca","12":"tag-incrivel","13":"tag-maisfutebol","14":"tag-minsk","15":"tag-mundial-2026","16":"tag-portugal","17":"tag-pt","18":"tag-pura-paixao","19":"tag-sports","20":"tag-viagem"},"share_on_mastodon":{"url":"https:\/\/pubeurope.com\/@pt\/115556336465589558","error":""},"_links":{"self":[{"href":"https:\/\/www.europesays.com\/pt\/wp-json\/wp\/v2\/posts\/153292","targetHints":{"allow":["GET"]}}],"collection":[{"href":"https:\/\/www.europesays.com\/pt\/wp-json\/wp\/v2\/posts"}],"about":[{"href":"https:\/\/www.europesays.com\/pt\/wp-json\/wp\/v2\/types\/post"}],"author":[{"embeddable":true,"href":"https:\/\/www.europesays.com\/pt\/wp-json\/wp\/v2\/users\/2"}],"replies":[{"embeddable":true,"href":"https:\/\/www.europesays.com\/pt\/wp-json\/wp\/v2\/comments?post=153292"}],"version-history":[{"count":0,"href":"https:\/\/www.europesays.com\/pt\/wp-json\/wp\/v2\/posts\/153292\/revisions"}],"wp:featuredmedia":[{"embeddable":true,"href":"https:\/\/www.europesays.com\/pt\/wp-json\/wp\/v2\/media\/153293"}],"wp:attachment":[{"href":"https:\/\/www.europesays.com\/pt\/wp-json\/wp\/v2\/media?parent=153292"}],"wp:term":[{"taxonomy":"category","embeddable":true,"href":"https:\/\/www.europesays.com\/pt\/wp-json\/wp\/v2\/categories?post=153292"},{"taxonomy":"post_tag","embeddable":true,"href":"https:\/\/www.europesays.com\/pt\/wp-json\/wp\/v2\/tags?post=153292"}],"curies":[{"name":"wp","href":"https:\/\/api.w.org\/{rel}","templated":true}]}}