{"id":153297,"date":"2025-11-15T23:40:10","date_gmt":"2025-11-15T23:40:10","guid":{"rendered":"https:\/\/www.europesays.com\/pt\/153297\/"},"modified":"2025-11-15T23:40:10","modified_gmt":"2025-11-15T23:40:10","slug":"proteccao-civil-montenegro-anuncia-comando-operacional-para-bombeiros-autoridade-nacional-de-emergencia-e-proteccao-civil","status":"publish","type":"post","link":"https:\/\/www.europesays.com\/pt\/153297\/","title":{"rendered":"Protec\u00e7\u00e3o Civil: Montenegro anuncia comando operacional para bombeiros | Autoridade Nacional de Emerg\u00eancia e Protec\u00e7\u00e3o Civil"},"content":{"rendered":"<p>O primeiro-ministro anunciou este s\u00e1bado que na reorganiza\u00e7\u00e3o org\u00e2nica da Autoridade Nacional de Emerg\u00eancia e Protec\u00e7\u00e3o Civil os bombeiros v\u00e3o passar a ter um comando operacional, entre um conjunto de v\u00e1rias medidas.<\/p>\n<p>&#8220;Temos em discuss\u00e3o interna um novo enquadramento que ter\u00e1 um impulso de clarifica\u00e7\u00e3o de responsabilidades um intuito de maior coordena\u00e7\u00e3o operacional, um objectivo de maior coer\u00eancia territorial e funcional do sistema&#8221; nacional de opera\u00e7\u00f5es se Socorro, afirmou Lu\u00eds Montenegro, adiantando que, no \u00e2mbito da reorganiza\u00e7\u00e3o org\u00e2nica da<a href=\"https:\/\/www.publico.pt\/autoridade-nacional-emergencia-proteccao-civil\" rel=\"nofollow noopener\" target=\"_blank\"> Autoridade Nacional de Emerg\u00eancia e Protec\u00e7\u00e3o Civil <\/a>(ANEPC), ser\u00e1 criado &#8220;um comando operacional com duas vertentes: a vertente essencial da protec\u00e7\u00e3o civil, mas tamb\u00e9m uma vertente de comando ao n\u00edvel dos bombeiros, na gest\u00e3o de opera\u00e7\u00f5es&#8221;.<\/p>\n<p>O primeiro-ministro, que presidiu este s\u00e1bado \u00e0 abertura do 45.\u00ba Congresso da Liga do Bombeiros Portugueses, em Alcoba\u00e7a, no distrito de Leiria, avan\u00e7ou um conjunto de medidas que o Governo pretende concretizar e garantiu aos cerca de 700 congressistas que, &#8220;nos pr\u00f3ximos dias&#8221;, estar\u00e1 dispon\u00edvel &#8220;o refor\u00e7o or\u00e7amental que a ANEPC solicitou ao Governo, no valor de 27 milh\u00f5es de euros&#8221;, para pagamento das despesas extraordin\u00e1rias do dispositivo de combate a inc\u00eandios rurais e as despesas correspondentes \u00e0 majora\u00e7\u00e3o de 25% na retribui\u00e7\u00e3o aos bombeiros que integraram o dispositivo de combate aos fogos.<\/p>\n<p><a href=\"https:\/\/www.publico.pt\/luis-montenegro\" rel=\"nofollow noopener\" target=\"_blank\">Lu\u00eds Montenegro<\/a> anunciou ainda que ser\u00e1 tamb\u00e9m alocado a um programa de aquisi\u00e7\u00e3o de ve\u00edculos florestais um apoio de dez milh\u00f5es de euros, atribu\u00eddo por Timor-Leste para compensa\u00e7\u00e3o das regi\u00f5es mais afectadas pelos inc\u00eandios rurais de 2025.<\/p>\n<p>        &#13;<\/p>\n<p>&#13;<br \/>\n                &#13;\n            <\/p>\n<p>&#13;<\/p>\n<p>Entre as medidas elencadas, o primeiro-ministro aludiu \u00e0 cria\u00e7\u00e3o de um regime jur\u00eddico que consagre as carreiras profissionais dos colaboradores permanentes do movimento associativo de bombeiros.<\/p>\n<p>&#8220;Assumimos esse desafio e vamos faz\u00ea-lo com o intuito de garantir mais estabilidade, mais possibilidade de progress\u00e3o e, portanto, tamb\u00e9m mais capacidade de atrair e reter recursos humanos, porque sem atrair e reter recursos humanos a sustentabilidade de todo o sector estar\u00e1 colocada em causa&#8221;, disse.<\/p>\n<p>O Governo pretende ainda promover a profissionaliza\u00e7\u00e3o da primeira interven\u00e7\u00e3o com o objectivo de que &#8220;em cada concelho haja pelo menos tr\u00eas equipas de interven\u00e7\u00e3o permanente&#8221; e assegurar o financiamento permanente das corpora\u00e7\u00f5es de bombeiros para evitar que se esteja &#8220;sempre a falar em financiamentos extraordin\u00e1rios&#8221;.<\/p>\n<p>&#8220;Pagamentos mais r\u00e1pidos e eficazes&#8221;<\/p>\n<p>Montenegro afirmou que o Governo pretende agilizar os procedimentos das transfer\u00eancias financeiras do Fundo de Protec\u00e7\u00e3o Social do Bombeiro para garantir &#8220;pagamentos mais r\u00e1pidos e mais eficazes&#8221;, fomentar o aumento da forma\u00e7\u00e3o e capacita\u00e7\u00e3o de bombeiros e que continuar\u00e1, no pr\u00f3ximo ano, a tentar refor\u00e7ar os meios dispositivo especial de combate a inc\u00eandios rurais e da For\u00e7a Especial de Protec\u00e7\u00e3o Civil que admitiu &#8220;multiplicar por tr\u00eas, ou por quatro&#8221;.<\/p>\n<p>Medidas que, segundo Montenegro, espelham o compromisso do Governo de que <a href=\"https:\/\/www.publico.pt\/2025\/10\/18\/sociedade\/noticia\/bombeiros-descontentes-admitem-parar-quarteis-pedem-carreira-financiamento-2151342\" rel=\"nofollow noopener\" target=\"_blank\">o programa previsto para os Bombeiros<\/a> &#8220;\u00e9 para levar a s\u00e9rio, \u00e9 para executar numa rela\u00e7\u00e3o de parceria com todos os representantes deste movimento&#8221;.<\/p>\n<p>O congresso da LBP decorre at\u00e9 domingo, &#8220;num momento de grande insatisfa\u00e7\u00e3o&#8221; dos bombeiros volunt\u00e1rios que exigem respostas do Governo sobre financiamento, carreiras e apoios ao voluntariado.<\/p>\n<p>No congresso, que conta com mais de 700 inscritos, ser\u00e1 decidida a <a href=\"https:\/\/www.publico.pt\/2025\/10\/18\/sociedade\/noticia\/liga-bombeiros-ameaca-protestos-devido-gravidade-situacao-actual-2151319\" rel=\"nofollow noopener\" target=\"_blank\">realiza\u00e7\u00e3o de protestos caso o Governo<\/a> n\u00e3o d\u00ea garantias sobre a resolu\u00e7\u00e3o dos problemas e no cumprimento do programa do Governo.<\/p>\n","protected":false},"excerpt":{"rendered":"O primeiro-ministro anunciou este s\u00e1bado que na reorganiza\u00e7\u00e3o org\u00e2nica da Autoridade Nacional de Emerg\u00eancia e Protec\u00e7\u00e3o Civil os&hellip;\n","protected":false},"author":2,"featured_media":153298,"comment_status":"","ping_status":"","sticky":false,"template":"","format":"standard","meta":{"footnotes":""},"categories":[10],"tags":[5684,627,27,28,15,16,14,2832,25,26,1447,21,22,12,13,19,20,52,32,23,24,2376,33,17,18,29,30,31],"class_list":{"0":"post-153297","1":"post","2":"type-post","3":"status-publish","4":"format-standard","5":"has-post-thumbnail","7":"category-portugal","8":"tag-autoridade-nacional-de-emergencia-e-proteccao-civil","9":"tag-bombeiros","10":"tag-breaking-news","11":"tag-breakingnews","12":"tag-featured-news","13":"tag-featurednews","14":"tag-headlines","15":"tag-incendios-florestais","16":"tag-latest-news","17":"tag-latestnews","18":"tag-luis-montenegro","19":"tag-main-news","20":"tag-mainnews","21":"tag-news","22":"tag-noticias","23":"tag-noticias-principais","24":"tag-noticiasprincipais","25":"tag-politica","26":"tag-portugal","27":"tag-principais-noticias","28":"tag-principaisnoticias","29":"tag-proteccao-civil","30":"tag-pt","31":"tag-top-stories","32":"tag-topstories","33":"tag-ultimas","34":"tag-ultimas-noticias","35":"tag-ultimasnoticias"},"share_on_mastodon":{"url":"","error":"Validation failed: Text character limit of 500 exceeded"},"_links":{"self":[{"href":"https:\/\/www.europesays.com\/pt\/wp-json\/wp\/v2\/posts\/153297","targetHints":{"allow":["GET"]}}],"collection":[{"href":"https:\/\/www.europesays.com\/pt\/wp-json\/wp\/v2\/posts"}],"about":[{"href":"https:\/\/www.europesays.com\/pt\/wp-json\/wp\/v2\/types\/post"}],"author":[{"embeddable":true,"href":"https:\/\/www.europesays.com\/pt\/wp-json\/wp\/v2\/users\/2"}],"replies":[{"embeddable":true,"href":"https:\/\/www.europesays.com\/pt\/wp-json\/wp\/v2\/comments?post=153297"}],"version-history":[{"count":0,"href":"https:\/\/www.europesays.com\/pt\/wp-json\/wp\/v2\/posts\/153297\/revisions"}],"wp:featuredmedia":[{"embeddable":true,"href":"https:\/\/www.europesays.com\/pt\/wp-json\/wp\/v2\/media\/153298"}],"wp:attachment":[{"href":"https:\/\/www.europesays.com\/pt\/wp-json\/wp\/v2\/media?parent=153297"}],"wp:term":[{"taxonomy":"category","embeddable":true,"href":"https:\/\/www.europesays.com\/pt\/wp-json\/wp\/v2\/categories?post=153297"},{"taxonomy":"post_tag","embeddable":true,"href":"https:\/\/www.europesays.com\/pt\/wp-json\/wp\/v2\/tags?post=153297"}],"curies":[{"name":"wp","href":"https:\/\/api.w.org\/{rel}","templated":true}]}}