{"id":153313,"date":"2025-11-15T23:54:12","date_gmt":"2025-11-15T23:54:12","guid":{"rendered":"https:\/\/www.europesays.com\/pt\/153313\/"},"modified":"2025-11-15T23:54:12","modified_gmt":"2025-11-15T23:54:12","slug":"funcionarios-da-porto-ambiente-e-bombeiros-salvaram-idoso-de-casa-em-chamas-no-porto","status":"publish","type":"post","link":"https:\/\/www.europesays.com\/pt\/153313\/","title":{"rendered":"Funcion\u00e1rios da Porto Ambiente e bombeiros salvaram idoso de casa em chamas no Porto"},"content":{"rendered":"<p>Era para ser uma jornada de trabalho como tantas outras, mas n\u00e3o foi. A noite da passada sexta-feira ficar\u00e1 gravada para sempre na mem\u00f3ria do cantoneiro Ruben Pinto. Com a ajuda de outro cantoneiro, do motorista do cami\u00e3o do lixo e de um bombeiro que estava de passagem, conseguiram salvar um idoso, que tinha a casa em chamas, na Rua C\u00e2ndida S\u00e1 de Albergaria, na Foz, no Porto.<\/p>\n","protected":false},"excerpt":{"rendered":"Era para ser uma jornada de trabalho como tantas outras, mas n\u00e3o foi. A noite da passada sexta-feira&hellip;\n","protected":false},"author":2,"featured_media":153314,"comment_status":"","ping_status":"","sticky":false,"template":"","format":"standard","meta":{"footnotes":""},"categories":[10],"tags":[27,28,20018,15,16,33081,14,625,25,26,21,22,12,13,19,20,32,23,24,33,17,18,29,30,31],"class_list":{"0":"post-153313","1":"post","2":"type-post","3":"status-publish","4":"format-standard","5":"has-post-thumbnail","7":"category-portugal","8":"tag-breaking-news","9":"tag-breakingnews","10":"tag-concelho-porto","11":"tag-featured-news","12":"tag-featurednews","13":"tag-foz-do-douro","14":"tag-headlines","15":"tag-incendio","16":"tag-latest-news","17":"tag-latestnews","18":"tag-main-news","19":"tag-mainnews","20":"tag-news","21":"tag-noticias","22":"tag-noticias-principais","23":"tag-noticiasprincipais","24":"tag-portugal","25":"tag-principais-noticias","26":"tag-principaisnoticias","27":"tag-pt","28":"tag-top-stories","29":"tag-topstories","30":"tag-ultimas","31":"tag-ultimas-noticias","32":"tag-ultimasnoticias"},"share_on_mastodon":{"url":"https:\/\/pubeurope.com\/@pt\/115556415101289135","error":""},"_links":{"self":[{"href":"https:\/\/www.europesays.com\/pt\/wp-json\/wp\/v2\/posts\/153313","targetHints":{"allow":["GET"]}}],"collection":[{"href":"https:\/\/www.europesays.com\/pt\/wp-json\/wp\/v2\/posts"}],"about":[{"href":"https:\/\/www.europesays.com\/pt\/wp-json\/wp\/v2\/types\/post"}],"author":[{"embeddable":true,"href":"https:\/\/www.europesays.com\/pt\/wp-json\/wp\/v2\/users\/2"}],"replies":[{"embeddable":true,"href":"https:\/\/www.europesays.com\/pt\/wp-json\/wp\/v2\/comments?post=153313"}],"version-history":[{"count":0,"href":"https:\/\/www.europesays.com\/pt\/wp-json\/wp\/v2\/posts\/153313\/revisions"}],"wp:featuredmedia":[{"embeddable":true,"href":"https:\/\/www.europesays.com\/pt\/wp-json\/wp\/v2\/media\/153314"}],"wp:attachment":[{"href":"https:\/\/www.europesays.com\/pt\/wp-json\/wp\/v2\/media?parent=153313"}],"wp:term":[{"taxonomy":"category","embeddable":true,"href":"https:\/\/www.europesays.com\/pt\/wp-json\/wp\/v2\/categories?post=153313"},{"taxonomy":"post_tag","embeddable":true,"href":"https:\/\/www.europesays.com\/pt\/wp-json\/wp\/v2\/tags?post=153313"}],"curies":[{"name":"wp","href":"https:\/\/api.w.org\/{rel}","templated":true}]}}