{"id":153321,"date":"2025-11-16T00:05:15","date_gmt":"2025-11-16T00:05:15","guid":{"rendered":"https:\/\/www.europesays.com\/pt\/153321\/"},"modified":"2025-11-16T00:05:15","modified_gmt":"2025-11-16T00:05:15","slug":"os-neandertais-podem-nunca-ter-sido-totalmente-extintos","status":"publish","type":"post","link":"https:\/\/www.europesays.com\/pt\/153321\/","title":{"rendered":"Os neandertais podem nunca ter sido totalmente extintos"},"content":{"rendered":"<p class=\"wp-caption-text top\">ZAP \/\/ Erich Ferdinand \/ Flickr<\/p>\n<p><img decoding=\"async\" loading=\"lazy\" class=\"wp-image-545668 size-kopa-image-size-3\" src=\"https:\/\/www.europesays.com\/pt\/wp-content\/uploads\/2025\/11\/90d0186edb0a03aa9f132d153457dae7-783x450.jpg\" alt=\"\" width=\"700\" height=\"402\"  \/><\/p>\n<p class=\"wp-caption-text bot\">Homo neanderthalensis, o Homem de Neandertal<\/p>\n<p><strong>Uma nova pesquisa teoriza que os neandertais n\u00e3o se extinguiram e que, em vez disso, se fundiram geneticamente com os homo sapiens.<\/strong><\/p>\n<p>Um novo estudo desafia a cren\u00e7a antiga de que os neandertais desapareceram completamente h\u00e1 cerca de 40 mil anos, propondo, em vez disso, que foram <strong>gradualmente absorvidos<\/strong> pela crescente popula\u00e7\u00e3o de Homo sapiens atrav\u00e9s de extensos cruzamentos.<\/p>\n<p>Investigadores da Universidade de Roma Tor Vergata, do Instituto Federal Su\u00ed\u00e7o de Ci\u00eancia e Tecnologia Aqu\u00e1ticas e da Universidade de L\u2019Aquila desenvolveram um modelo matem\u00e1tico que sugere que o desaparecimento dos neandertais foi<strong> menos uma extin\u00e7\u00e3o e mais uma fus\u00e3o gen\u00e9tica<\/strong>. As descobertas, publicadas na revista Scientific Reports, prop\u00f5em que, num per\u00edodo de 10 mil a 30 mil anos de contacto, os neandertais foram quase totalmente absorvidos pelo patrim\u00f3nio gen\u00e9tico humano.<\/p>\n<p>A investigadora principal, Andrea Amadei, e os seus colegas descrevem o seu modelo como <strong>simples, mas \u201crobusto\u201d<\/strong> para explicar o decl\u00ednio observado dos neandertais. Utilizando dados sobre as taxas de natalidade dos ca\u00e7adores-coletores modernos, estimaram como pequenos grupos de neandertais poderiam ter sido gradualmente absorvidos por uma popula\u00e7\u00e3o de Homo sapiens muito maior e reprodutivamente mais prol\u00edfica, refere o <a href=\"https:\/\/www.sciencealert.com\/neanderthals-may-never-have-truly-gone-extinct-study-reveals\" data-wpel-link=\"external\" target=\"_blank\" rel=\"nofollow external noopener noreferrer\" class=\"ext-link\">Science Alert<\/a>.<\/p>\n<p>O estudo parte do pressuposto de que os genes neandertais n\u00e3o conferiam qualquer vantagem espec\u00edfica de sobreviv\u00eancia, mas o modelo <strong>prev\u00ea ainda a sua eventual assimila\u00e7\u00e3o gen\u00e9tica<\/strong>. Se fossem consideradas caracter\u00edsticas neandertais vantajosas, como as ligadas \u00e0 imunidade ou \u00e0 adapta\u00e7\u00e3o ao frio, os autores sugerem que a hip\u00f3tese de assimila\u00e7\u00e3o seria ainda mais forte.<\/p>\n<p>O novo modelo est\u00e1 em linha com as recentes evid\u00eancias arqueol\u00f3gicas que indicam que o decl\u00ednio dos neandertais na Europa <strong>foi gradual, e n\u00e3o abrupto<\/strong>. Estudos gen\u00e9ticos modernos j\u00e1 mostram que as pessoas de ascend\u00eancia n\u00e3o africana ret\u00eam cerca de 1% a 4% de ADN neandertal, um testemunho desta longa e complexa hist\u00f3ria de cruzamentos.<\/p>\n<p>O Homo sapiens come\u00e7ou provavelmente<strong> a migrar de \u00c1frica muito antes<\/strong> do que se pensava, chegando em vagas migrat\u00f3rias que chegaram \u00e0 Europa possivelmente h\u00e1 mais de 200 mil anos. Cada influxo de humanos primitivos pode ter integrado ainda mais as comunidades neandertais na popula\u00e7\u00e3o crescente, \u201ccomo areia levada para o mar\u201d, escrevem os autores.<\/p>\n<p>Al\u00e9m da gen\u00e9tica, os investigadores real\u00e7am que os neandertais estavam longe de ser primitivos. Fabricavam ferramentas, produziam arte, controlavam o fogo e provavelmente possu\u00edam capacidades de comunica\u00e7\u00e3o sofisticadas. O seu desaparecimento, portanto, <strong>n\u00e3o se deveu \u00e0 inferioridade<\/strong>, mas \u00e0 mistura inexor\u00e1vel de duas popula\u00e7\u00f5es estreitamente relacionadas.<\/p>\n<p>    <a href=\"https:\/\/zap.aeiou.pt\/subscrever-newsletter\" data-wpel-link=\"internal\" rel=\"nofollow noopener\" target=\"_blank\">&#13;<br \/>\n        <img loading=\"lazy\" decoding=\"async\" class=\"aligncenter size-full wp-image-575475\" src=\"https:\/\/www.europesays.com\/pt\/wp-content\/uploads\/2025\/11\/2d51fe4a0ba54894421ead1809309ed9-1-450x140.jpg\" alt=\"Subscreva a Newsletter ZAP\" width=\"450\" height=\"140\"\/>&#13;<br \/>\n    <\/a><\/p>\n<p>                <a href=\"https:\/\/whatsapp.com\/channel\/0029VaIC4EE2f3EJZPPSbR34\" data-wpel-link=\"external\" target=\"_blank\" rel=\"nofollow external noopener noreferrer\" class=\"ext-link\">&#13;<br \/>\n                    <img loading=\"lazy\" decoding=\"async\" class=\"aligncenter size-full wp-image-575475\" src=\"https:\/\/www.europesays.com\/pt\/wp-content\/uploads\/2025\/11\/c68c559d956d4ca20f435ed74a6e71e6.png\" alt=\"Siga-nos no WhatsApp\" width=\"175\" height=\"64\"\/>&#13;<br \/>\n                <\/a><\/p>\n<p>                <a href=\"https:\/\/news.google.com\/publications\/CAAiEHRwZondIV71PDjWNoqMduEqFAgKIhB0cGaJ3SFe9Tw41jaKjHbh?hl=en-US&amp;gl=US&amp;ceid=US%3Aen\" data-wpel-link=\"external\" target=\"_blank\" rel=\"nofollow external noopener noreferrer\" class=\"ext-link\">&#13;<br \/>\n                    <img loading=\"lazy\" decoding=\"async\" class=\"aligncenter size-full wp-image-575475\" src=\"https:\/\/www.europesays.com\/pt\/wp-content\/uploads\/2025\/11\/5123dd8b087b644fdb8f8603acd1bad4.png\" alt=\"Siga-nos no Google News\" width=\"176\" height=\"64\"\/>&#13;<br \/>\n                <\/a><\/p>\n","protected":false},"excerpt":{"rendered":"ZAP \/\/ Erich Ferdinand \/ Flickr Homo neanderthalensis, o Homem de Neandertal Uma nova pesquisa teoriza que os&hellip;\n","protected":false},"author":2,"featured_media":153322,"comment_status":"","ping_status":"","sticky":false,"template":"","format":"standard","meta":{"footnotes":""},"categories":[84],"tags":[3440,109,107,108,32,33,105,103,104,106,110],"class_list":{"0":"post-153321","1":"post","2":"type-post","3":"status-publish","4":"format-standard","5":"has-post-thumbnail","7":"category-ciencia-e-tecnologia","8":"tag-antropologia","9":"tag-ciencia","10":"tag-ciencia-e-tecnologia","11":"tag-cienciaetecnologia","12":"tag-portugal","13":"tag-pt","14":"tag-science","15":"tag-science-and-technology","16":"tag-scienceandtechnology","17":"tag-technology","18":"tag-tecnologia"},"share_on_mastodon":{"url":"https:\/\/pubeurope.com\/@pt\/115556458991574696","error":""},"_links":{"self":[{"href":"https:\/\/www.europesays.com\/pt\/wp-json\/wp\/v2\/posts\/153321","targetHints":{"allow":["GET"]}}],"collection":[{"href":"https:\/\/www.europesays.com\/pt\/wp-json\/wp\/v2\/posts"}],"about":[{"href":"https:\/\/www.europesays.com\/pt\/wp-json\/wp\/v2\/types\/post"}],"author":[{"embeddable":true,"href":"https:\/\/www.europesays.com\/pt\/wp-json\/wp\/v2\/users\/2"}],"replies":[{"embeddable":true,"href":"https:\/\/www.europesays.com\/pt\/wp-json\/wp\/v2\/comments?post=153321"}],"version-history":[{"count":0,"href":"https:\/\/www.europesays.com\/pt\/wp-json\/wp\/v2\/posts\/153321\/revisions"}],"wp:featuredmedia":[{"embeddable":true,"href":"https:\/\/www.europesays.com\/pt\/wp-json\/wp\/v2\/media\/153322"}],"wp:attachment":[{"href":"https:\/\/www.europesays.com\/pt\/wp-json\/wp\/v2\/media?parent=153321"}],"wp:term":[{"taxonomy":"category","embeddable":true,"href":"https:\/\/www.europesays.com\/pt\/wp-json\/wp\/v2\/categories?post=153321"},{"taxonomy":"post_tag","embeddable":true,"href":"https:\/\/www.europesays.com\/pt\/wp-json\/wp\/v2\/tags?post=153321"}],"curies":[{"name":"wp","href":"https:\/\/api.w.org\/{rel}","templated":true}]}}