{"id":153327,"date":"2025-11-16T00:16:18","date_gmt":"2025-11-16T00:16:18","guid":{"rendered":"https:\/\/www.europesays.com\/pt\/153327\/"},"modified":"2025-11-16T00:16:18","modified_gmt":"2025-11-16T00:16:18","slug":"atencao-benfica-vangelis-pavlidis-sai-lesionado-de-jogo-da-grecia","status":"publish","type":"post","link":"https:\/\/www.europesays.com\/pt\/153327\/","title":{"rendered":"Aten\u00e7\u00e3o, Benfica: Vangelis Pavlidis sai lesionado de jogo da Gr\u00e9cia"},"content":{"rendered":"<p>M\u00e1 not\u00edcia para Jos\u00e9 Mourinho &#8211; Vangelis Pavlidis saiu lesionado do <strong><a href=\"https:\/\/maisfutebol.iol.pt\/jogo\/grecia\/escocia\/13820849\" rel=\"nofollow noopener\" target=\"_blank\">Gr\u00e9cia-Esc\u00f3cia<\/a><\/strong> neste s\u00e1bado, ainda antes da primeira parte. Pelos 39 minutos, o grego lesiona-se sozinho no\u00a0 joelho esquerdo.\u00a0<\/p>\n<p>O jogador sentou-se no ch\u00e3o e \u00e9 substitu\u00eddo por Andrews Tetteh aos 43 minutos do duelo com o escoceses, que conta para a quinta jornada do Grupo C na qualifica\u00e7\u00e3o para o Mundial 2026.<\/p>\n<p>Vangelis Pavlidis teve v\u00e1rios bons apontamentos durante o tempo em que esteve em campo. Participou at\u00e9 na jogada do golo, aos sete minutos, obrigando o guarda-redes Craig Gordon a uma defesa. Na recarga, Tasos Bakasetas fez o 1-0.<\/p>\n<p>A les\u00e3o do avan\u00e7ado acontece pouco tempo depois tamb\u00e9m da confirma\u00e7\u00e3o dos problemas f\u00edsicos de\u00a0Heorhiy Sudakov, que deve falhar, pelo menos, <strong><a href=\"https:\/\/maisfutebol.iol.pt\/benfica\/ucrania\/benfica-selecionador-ucraniano-fala-em-lesao-muito-grave-de-sudakov\" rel=\"nofollow noopener\" target=\"_blank\">o duelo com o Atl\u00e9tico CP.\u00a0<\/a><\/strong><\/p>\n<blockquote class=\"twitter-tweet\">\n<p lang=\"pt\">Pavlidis teve que ser substitu\u00eddo devido a uma les\u00e3o no joelho esquerdo \ud83e\udd15<\/p>\n<p>As melhoras, craque!<a href=\"https:\/\/twitter.com\/hashtag\/sporttvportugal?src=hash&amp;ref_src=twsrc%5Etfw\" rel=\"nofollow noopener\" target=\"_blank\">#sporttvportugal<\/a> <a href=\"https:\/\/twitter.com\/hashtag\/QUALIFIERSnaSPORTTV?src=hash&amp;ref_src=twsrc%5Etfw\" rel=\"nofollow noopener\" target=\"_blank\">#QUALIFIERSnaSPORTTV<\/a> <a href=\"https:\/\/twitter.com\/hashtag\/Qualifica%C3%A7%C3%A3oMundial?src=hash&amp;ref_src=twsrc%5Etfw\" rel=\"nofollow noopener\" target=\"_blank\">#Qualifica\u00e7\u00e3oMundial<\/a> <a href=\"https:\/\/twitter.com\/hashtag\/Gr%C3%A9cia?src=hash&amp;ref_src=twsrc%5Etfw\" rel=\"nofollow noopener\" target=\"_blank\">#Gr\u00e9cia<\/a> <a href=\"https:\/\/twitter.com\/hashtag\/Esc%C3%B3cia?src=hash&amp;ref_src=twsrc%5Etfw\" rel=\"nofollow noopener\" target=\"_blank\">#Esc\u00f3cia<\/a> <a href=\"https:\/\/t.co\/Tto17h4TvO\" rel=\"nofollow\">pic.twitter.com\/Tto17h4TvO<\/a><\/p>\n<p> \u2014 sport tv (@sporttvportugal)<br \/>\n  <a href=\"https:\/\/twitter.com\/sporttvportugal\/status\/1989797363519574325?ref_src=twsrc%5Etfw\" rel=\"nofollow noopener\" target=\"_blank\">November 15, 2025<\/a>\n <\/p><\/blockquote>\n<p>[Not\u00edcia atualizada \u00e0s 20h44]<\/p>\n<p>                                <script async src=\"https:\/\/platform.twitter.com\/widgets.js\" charset=\"utf-8\"><\/script><\/p>\n","protected":false},"excerpt":{"rendered":"M\u00e1 not\u00edcia para Jos\u00e9 Mourinho &#8211; Vangelis Pavlidis saiu lesionado do Gr\u00e9cia-Esc\u00f3cia neste s\u00e1bado, ainda antes da primeira&hellip;\n","protected":false},"author":2,"featured_media":153328,"comment_status":"","ping_status":"","sticky":false,"template":"","format":"standard","meta":{"footnotes":""},"categories":[87],"tags":[51,135,1833,4234,82,2613,46,7931,32,33,47,134,262],"class_list":{"0":"post-153327","1":"post","2":"type-post","3":"status-publish","4":"format-standard","5":"has-post-thumbnail","7":"category-desporto","8":"tag-benfica","9":"tag-desporto","10":"tag-escocia","11":"tag-grecia","12":"tag-internacional","13":"tag-lesao","14":"tag-maisfutebol","15":"tag-pavlidis","16":"tag-portugal","17":"tag-pt","18":"tag-pura-paixao","19":"tag-sports","20":"tag-vangelis-pavlidis"},"share_on_mastodon":{"url":"https:\/\/pubeurope.com\/@pt\/115556501630612504","error":""},"_links":{"self":[{"href":"https:\/\/www.europesays.com\/pt\/wp-json\/wp\/v2\/posts\/153327","targetHints":{"allow":["GET"]}}],"collection":[{"href":"https:\/\/www.europesays.com\/pt\/wp-json\/wp\/v2\/posts"}],"about":[{"href":"https:\/\/www.europesays.com\/pt\/wp-json\/wp\/v2\/types\/post"}],"author":[{"embeddable":true,"href":"https:\/\/www.europesays.com\/pt\/wp-json\/wp\/v2\/users\/2"}],"replies":[{"embeddable":true,"href":"https:\/\/www.europesays.com\/pt\/wp-json\/wp\/v2\/comments?post=153327"}],"version-history":[{"count":0,"href":"https:\/\/www.europesays.com\/pt\/wp-json\/wp\/v2\/posts\/153327\/revisions"}],"wp:featuredmedia":[{"embeddable":true,"href":"https:\/\/www.europesays.com\/pt\/wp-json\/wp\/v2\/media\/153328"}],"wp:attachment":[{"href":"https:\/\/www.europesays.com\/pt\/wp-json\/wp\/v2\/media?parent=153327"}],"wp:term":[{"taxonomy":"category","embeddable":true,"href":"https:\/\/www.europesays.com\/pt\/wp-json\/wp\/v2\/categories?post=153327"},{"taxonomy":"post_tag","embeddable":true,"href":"https:\/\/www.europesays.com\/pt\/wp-json\/wp\/v2\/tags?post=153327"}],"curies":[{"name":"wp","href":"https:\/\/api.w.org\/{rel}","templated":true}]}}