{"id":15333,"date":"2025-08-04T10:26:30","date_gmt":"2025-08-04T10:26:30","guid":{"rendered":"https:\/\/www.europesays.com\/pt\/15333\/"},"modified":"2025-08-04T10:26:30","modified_gmt":"2025-08-04T10:26:30","slug":"big-brother-bernardina-brito-lanca-bomba-sobre-bruno-de-carvalho-e-daniela-santos-se-pudesse-tinha-acontecido","status":"publish","type":"post","link":"https:\/\/www.europesays.com\/pt\/15333\/","title":{"rendered":"Big Brother &#8211; Bernardina Brito lan\u00e7a bomba sobre Bruno de Carvalho e Daniela Santos! \u201cSe pudesse tinha acontecido\u201d"},"content":{"rendered":"<p>A rela\u00e7\u00e3o de <strong>Bruno de Carvalho<\/strong> e <strong>Daniela Santos<\/strong> antes de entrarem no <strong>Big Brother Ver\u00e3o<\/strong> tem estado constantemente na ordem do dia. E este tema tem levado a v\u00e1rios <a href=\"https:\/\/www.novagente.pt\/big-brother-confronto-daniela-bruno-de-carvalho-trocam-ameacas-mensagens-privadas-sao-reveladas\" rel=\"nofollow noopener\" target=\"_blank\">confrontos acesos<\/a> entre os dois.<\/p>\n<p>Esta sexta-feira, 1 de agosto, <strong>Bernardina Brito<\/strong> marcou presen\u00e7a no <strong>Dois \u00e0s 10<\/strong> e n\u00e3o resistiu em revelar alguns detalhes sobre os concorrentes.<\/p>\n<p>Primeiro come\u00e7ou por deixar bem assente que \u201cn\u00e3o, nunca aconteceu\u201d nada entre o DJ e a bailarina, <strong>\u201capesar de que se o Bruno pudesse, tinha acontecido\u201d<\/strong>. E acrescentou: \u201cMuitas coisas que o Bruno diz ali n\u00e3o s\u00e3o verdade\u201d.<\/p>\n<blockquote>\n<p><strong>Leia tamb\u00e9m: Big Brother &#8211; <\/strong><a href=\"https:\/\/www.novagente.pt\/big-brother-equipa-de-bruno-de-carvalho-arrasa-daniela-mensagens-com-segundas-intencoes-sao-expostas\" rel=\"nofollow noopener\" target=\"_blank\">Equipa de Bruno de Carvalho arrasa Daniela&#8230; E mensagens com segundas inten\u00e7\u00f5es s\u00e3o expostas!<\/a><\/p>\n<\/blockquote>\n<p><strong>\u201cEu estava presente no primeiro dia em que eles se conheceram e a pessoa que ficou deslumbrada e encantada foi o Bruno de Carvalho\u201d<\/strong>, exp\u00f4s.<\/p>\n<p>E acabou deixando rasgados elogios \u00e0 dan\u00e7arina: \u201cA Daniela \u00e9 a pessoa mais genu\u00edna e mais sincera que est\u00e1 ali, por isso \u00e9 que ela est\u00e1 a sofrer tanto neste jogo. Porque ela joga com o cora\u00e7\u00e3o\u201d.<\/p>\n<p>\u00a0<\/p>\n<p>Texto: Carolina Charrua; Fotos: Redes sociais e Impala<\/p>\n<p class=\"intagram-text\">Siga a Nova Gente no Instagram<\/p>\n<p>                        <a href=\"https:\/\/www.instagram.com\/revistanovagente\/\" target=\"_blank\" aria-label=\"instagram\" rel=\"noopener nofollow\"><img decoding=\"async\" style=\"display: block; margin-left: auto; margin-right: auto; width: 250px; height: 83px;\" src=\"https:\/\/www.europesays.com\/pt\/wp-content\/uploads\/2025\/07\/Instagram_NG.png\" alt=\"instagram\"\/><\/a><br \/>\n                    <script async src=\"\/\/www.instagram.com\/embed.js\"><\/script><\/p>\n","protected":false},"excerpt":{"rendered":"A rela\u00e7\u00e3o de Bruno de Carvalho e Daniela Santos antes de entrarem no Big Brother Ver\u00e3o tem estado&hellip;\n","protected":false},"author":2,"featured_media":15334,"comment_status":"","ping_status":"","sticky":false,"template":"","format":"standard","meta":{"footnotes":""},"categories":[85],"tags":[5303,48,1170,341,1397,114,115,32,33,162],"class_list":{"0":"post-15333","1":"post","2":"type-post","3":"status-publish","4":"format-standard","5":"has-post-thumbnail","7":"category-entretenimento","8":"tag-bernardina-brito","9":"tag-big-brother","10":"tag-big-brother-verao","11":"tag-bruno-de-carvalho","12":"tag-daniela-santos","13":"tag-entertainment","14":"tag-entretenimento","15":"tag-portugal","16":"tag-pt","17":"tag-tvi"},"share_on_mastodon":{"url":"","error":""},"_links":{"self":[{"href":"https:\/\/www.europesays.com\/pt\/wp-json\/wp\/v2\/posts\/15333","targetHints":{"allow":["GET"]}}],"collection":[{"href":"https:\/\/www.europesays.com\/pt\/wp-json\/wp\/v2\/posts"}],"about":[{"href":"https:\/\/www.europesays.com\/pt\/wp-json\/wp\/v2\/types\/post"}],"author":[{"embeddable":true,"href":"https:\/\/www.europesays.com\/pt\/wp-json\/wp\/v2\/users\/2"}],"replies":[{"embeddable":true,"href":"https:\/\/www.europesays.com\/pt\/wp-json\/wp\/v2\/comments?post=15333"}],"version-history":[{"count":0,"href":"https:\/\/www.europesays.com\/pt\/wp-json\/wp\/v2\/posts\/15333\/revisions"}],"wp:featuredmedia":[{"embeddable":true,"href":"https:\/\/www.europesays.com\/pt\/wp-json\/wp\/v2\/media\/15334"}],"wp:attachment":[{"href":"https:\/\/www.europesays.com\/pt\/wp-json\/wp\/v2\/media?parent=15333"}],"wp:term":[{"taxonomy":"category","embeddable":true,"href":"https:\/\/www.europesays.com\/pt\/wp-json\/wp\/v2\/categories?post=15333"},{"taxonomy":"post_tag","embeddable":true,"href":"https:\/\/www.europesays.com\/pt\/wp-json\/wp\/v2\/tags?post=15333"}],"curies":[{"name":"wp","href":"https:\/\/api.w.org\/{rel}","templated":true}]}}