{"id":153332,"date":"2025-11-16T00:25:20","date_gmt":"2025-11-16T00:25:20","guid":{"rendered":"https:\/\/www.europesays.com\/pt\/153332\/"},"modified":"2025-11-16T00:25:20","modified_gmt":"2025-11-16T00:25:20","slug":"gominho-e-operado-as-pressas-apos-diagnostico-e-medico-alerta-qualquer-pessoa-pode-ter","status":"publish","type":"post","link":"https:\/\/www.europesays.com\/pt\/153332\/","title":{"rendered":"Gominho \u00e9 operado \u00e0s pressas ap\u00f3s diagn\u00f3stico, e m\u00e9dico alerta: &#8216;Qualquer pessoa pode ter&#8217;"},"content":{"rendered":"<p class=\"selectable-text copyable-text x15bjb6t x1n2onr6\"><a href=\"https:\/\/caras.com.br\/tags\/gominho\" rel=\"nofollow noopener\" target=\"_blank\"><strong>Gominho<\/strong> <\/a>foi internado em um hospital no Rio de Janeiro nos \u00faltimos dias e recebeu o diagn\u00f3stico de pedras nos rins ap\u00f3s uma bateria de exames. O amigo da cantora <a href=\"https:\/\/caras.com.br\/tags\/preta-gil\" rel=\"nofollow noopener\" target=\"_blank\"><strong>Preta Gil<\/strong><\/a> (1974-2025) passou por uma cirurgia para retirar os c\u00e1lculos encontrados.<\/p>\n<p class=\"selectable-text copyable-text x15bjb6t x1n2onr6\">\u201cPronto, gente! Olha elas. J\u00e1 operei. Est\u00e1 tudo bem. Como \u00e9 dif\u00edcil repousar para mim. Voc\u00eas n\u00e3o t\u00eam ideia. Estou aqui deitado porque foi no rim esquerdo e come\u00e7ou a doer um pouquinho. Estou agoniado. O dia t\u00e3o bonito. Queria ver o p\u00f4r do sol, sair\u2026 Quero viver! Mas estou respeitando e vou ficar quietinho\u201d, conta o ex-A Fazenda.<\/p>\n<p class=\"selectable-text copyable-text x15bjb6t x1n2onr6\">Gominho est\u00e1 em fase de recupera\u00e7\u00e3o e ainda n\u00e3o tem previs\u00e3o de alta m\u00e9dica. O apresentador deu entrada no centro m\u00e9dico reclamando de fortes dores, o que necessitou de um procedimento urgente.<\/p>\n<p class=\"selectable-text copyable-text x15bjb6t x1n2onr6\"><strong>CARAS Brasil<\/strong> entrevista o <strong>Dr. Nelson Batezini<\/strong>, m\u00e9dico urologista, que explica que ningu\u00e9m est\u00e1 livre de ter o mesmo diagn\u00f3stico de Gominho. \u201cQualquer pessoa pode ter pedra nos rins. Principalmente aqueles que ingerem muita prote\u00edna e sal e bebem pouco l\u00edquido\u201d, diz.<\/p>\n<p class=\"selectable-text copyable-text x15bjb6t x1n2onr6\">Segundo o especialista, o influenciador digital precisou passar por uma cirurgia devido ao tamanho dos c\u00e1lculos. \u201cA cirurgia \u00e9 indicada para pedras grandes, m\u00faltiplas ou que est\u00e3o causando algum preju\u00edzo, seja dor ou ao funcionamento dos rins\u201d, destaca.<\/p>\n<p class=\"selectable-text copyable-text x15bjb6t x1n2onr6\">\u00c9 poss\u00edvel evitar pedras nos rins. No entanto, em caso do diagn\u00f3stico, existe a possibilidade de o paciente desenvolver o mesmo problema de sa\u00fade, o que n\u00e3o descarta procedimentos invasivos ou minimamente invasivos. \u201cPara evitar devemos evitar produtos industrializados, ingerir menos sal e prote\u00edna e ingerir bastante l\u00edquidos. A pessoa que j\u00e1 teve tem 50% de chances de desenvolver nova pedra nos rins\u201d, finaliza.<\/p>\n<p> VEJA OUTRAS NOT\u00cdCIAS DOS FAMOSOS NO INSTAGRAM DA CARAS BRASIL: <\/p>\n<blockquote class=\"instagram-media\" style=\"background: #FFF; border: 0; border-radius: 3px; box-shadow: 0 0 1px 0 rgba(0,0,0,0.5),0 1px 10px 0 rgba(0,0,0,0.15); margin: 1px; max-width: 540px; min-width: 326px; padding: 0; width: calc(100% - 2px);\" data-instgrm-captioned=\"\" data-instgrm-permalink=\"https:\/\/www.instagram.com\/p\/DRAdbcpkblo\/?utm_source=ig_embed&amp;utm_campaign=loading\" data-instgrm-version=\"14\"><\/blockquote>\n<p>        <a href=\"https:\/\/caras.com.br\/autor\/paulo-henrique-lima\" rel=\"nofollow noopener\" target=\"_blank\">&#13;<br \/>\n          <img loading=\"lazy\" decoding=\"async\" alt=\"Paulo Henrique Lima\" src=\"https:\/\/www.europesays.com\/pt\/wp-content\/uploads\/2025\/10\/paulo-lima_sqmd.jpeg\" class=\"avatar avatar-115 photo rounded-circle\" height=\"115\" width=\"115\"\/>        <\/a><\/p>\n<p><strong>Paulo Henrique Lima<\/strong> \u00e9 rep\u00f3rter de pautas especiais do Grupo Perfil. Tem passagens por diversos ve\u00edculos de comunica\u00e7\u00e3o na web. \u00c9 apaixonado por entretenimento e realities.<\/p>\n<p>\t                                            <script async src=\"\/\/www.instagram.com\/embed.js\"><\/script><\/p>\n","protected":false},"excerpt":{"rendered":"Gominho foi internado em um hospital no Rio de Janeiro nos \u00faltimos dias e recebeu o diagn\u00f3stico de&hellip;\n","protected":false},"author":2,"featured_media":153333,"comment_status":"","ping_status":"","sticky":false,"template":"","format":"standard","meta":{"footnotes":""},"categories":[145],"tags":[211,210,114,115,1021,32,33],"class_list":{"0":"post-153332","1":"post","2":"type-post","3":"status-publish","4":"format-standard","5":"has-post-thumbnail","7":"category-celebridades","8":"tag-celebridades","9":"tag-celebrities","10":"tag-entertainment","11":"tag-entretenimento","12":"tag-gominho","13":"tag-portugal","14":"tag-pt"},"share_on_mastodon":{"url":"https:\/\/pubeurope.com\/@pt\/115556537356563807","error":""},"_links":{"self":[{"href":"https:\/\/www.europesays.com\/pt\/wp-json\/wp\/v2\/posts\/153332","targetHints":{"allow":["GET"]}}],"collection":[{"href":"https:\/\/www.europesays.com\/pt\/wp-json\/wp\/v2\/posts"}],"about":[{"href":"https:\/\/www.europesays.com\/pt\/wp-json\/wp\/v2\/types\/post"}],"author":[{"embeddable":true,"href":"https:\/\/www.europesays.com\/pt\/wp-json\/wp\/v2\/users\/2"}],"replies":[{"embeddable":true,"href":"https:\/\/www.europesays.com\/pt\/wp-json\/wp\/v2\/comments?post=153332"}],"version-history":[{"count":0,"href":"https:\/\/www.europesays.com\/pt\/wp-json\/wp\/v2\/posts\/153332\/revisions"}],"wp:featuredmedia":[{"embeddable":true,"href":"https:\/\/www.europesays.com\/pt\/wp-json\/wp\/v2\/media\/153333"}],"wp:attachment":[{"href":"https:\/\/www.europesays.com\/pt\/wp-json\/wp\/v2\/media?parent=153332"}],"wp:term":[{"taxonomy":"category","embeddable":true,"href":"https:\/\/www.europesays.com\/pt\/wp-json\/wp\/v2\/categories?post=153332"},{"taxonomy":"post_tag","embeddable":true,"href":"https:\/\/www.europesays.com\/pt\/wp-json\/wp\/v2\/tags?post=153332"}],"curies":[{"name":"wp","href":"https:\/\/api.w.org\/{rel}","templated":true}]}}