{"id":153336,"date":"2025-11-16T00:34:31","date_gmt":"2025-11-16T00:34:31","guid":{"rendered":"https:\/\/www.europesays.com\/pt\/153336\/"},"modified":"2025-11-16T00:34:31","modified_gmt":"2025-11-16T00:34:31","slug":"tenis-adidas-que-resolvem-todos-os-looks-de-inverno-e-jennifer-aniston-quem-sugere","status":"publish","type":"post","link":"https:\/\/www.europesays.com\/pt\/153336\/","title":{"rendered":"T\u00e9nis Adidas que resolvem todos os looks de inverno? \u00c9 Jennifer Aniston quem sugere"},"content":{"rendered":"<p>H\u00e1 um dilema que surge todos os anos: como sobreviver ao outono e inverno sem que a lama e a chuva arru\u00ednem o nosso par de t\u00e9nis favorito?\u00a0<\/p>\n<p>A resposta \u00e9 dada por\u00a0Jennifer Aniston e por um dos t\u00e9nis que usou recentemente. Podia ter escolhido qualquer modelo, mas optou pelos afamados Adidas Samba em preto, cor que faz com que qualquer lama passe despercebida.<\/p>\n<p>Depois de ter sido vista a usar este modelo num vermelho vibrante, mostrou que tamb\u00e9m \u00e9 f\u00e3 da vers\u00e3o\u00a0<a href=\"https:\/\/www.adidas.pt\/sapatilhas-samba-og\/B75807.html?sv1=affiliate&amp;sv_campaign_id=13430&amp;merchantid=77022&amp;cm_mmc=AdieAffiliates_Awin-_-13430_AffiliatePromotions--_--_-dv%253AeCom-_-cn%253ABAU-_-pc%253Across_category&amp;cm_mmc1=UK&amp;cm_mmc2=adidas-EMEA-eCom-Affiliates-AffiliatePromotions-EMEA-Sub%252BNetworks\" target=\"_blank\" rel=\"nofollow noopener\">elegante em preto<\/a>, que parece confirmar: os Samba s\u00e3o definitivamente o seu cal\u00e7ado de elei\u00e7\u00e3o.<\/p>\n<p>Jennifer Aniston combinou os t\u00e9nis Samba em preto com leggings enquanto exibia os resultados do treino Pvolve (treino funcional que utiliza equipamento de resist\u00eancia para esculpir e fortalecer o corpo), mas a verdade \u00e9 que estes t\u00e9nis v\u00e3o muito al\u00e9m dos\u00a0looks\u00a0de gin\u00e1sio.<\/p>\n<p>A est\u00e9tica minimalista e o formato cl\u00e1ssico fazem dos Samba um modelo vers\u00e1til, capaz de elevar qualquer coordenado de outono e inverno, da <a href=\"https:\/\/versa.iol.pt\/claudia-vieira\/looks\/nao-sabes-o-que-vestir-quando-chove-ou-esta-frio-11-looks-de-claudia-vieira-que-ajudam\/20251025\/68fba05fd34ee0c2fed1a46a\" rel=\"nofollow noopener\" target=\"_blank\">alfaiataria<\/a>\u00a0\u00e0 <a href=\"https:\/\/versa.iol.pt\/princesa-charlene\/monaco\/sim-as-princesas-tambem-usam-jeans-tendencia-e-que-o-diga-charlene-do-monaco\/20251105\/690b3d3dd34e3caad84aed9b\" rel=\"nofollow noopener\" target=\"_blank\">ganga<\/a>, passando por <a href=\"https:\/\/versa.iol.pt\/aldi\/zara\/esquece-a-zara-o-vestido-must-have-deste-outono-esta-no-folheto-do-aldi\/20251113\/6914d30fd34e3caad84b375b\" rel=\"nofollow noopener\" target=\"_blank\">malhas confort\u00e1veis<\/a>.<\/p>\n<p>A verdade \u00e9 que a tend\u00eancia n\u00e3o mostra sinais de abrandar e, se procuras um par vers\u00e1til, confort\u00e1vel e com aquele toque cool que atravessa esta\u00e7\u00f5es, os Adidas Samba continuam a ser uma aposta vencedora.<\/p>\n<p>\u00a0<\/p>\n","protected":false},"excerpt":{"rendered":"H\u00e1 um dilema que surge todos os anos: como sobreviver ao outono e inverno sem que a lama&hellip;\n","protected":false},"author":2,"featured_media":153337,"comment_status":"","ping_status":"","sticky":false,"template":"","format":"standard","meta":{"footnotes":""},"categories":[85],"tags":[1081,204,114,115,754,7189,8730,186,1079,32,33,2349,1078,1080],"class_list":{"0":"post-153336","1":"post","2":"type-post","3":"status-publish","4":"format-standard","5":"has-post-thumbnail","7":"category-entretenimento","8":"tag-beleza","9":"tag-design","10":"tag-entertainment","11":"tag-entretenimento","12":"tag-gastronomia","13":"tag-inverno","14":"tag-jennifer-aniston","15":"tag-lifestyle","16":"tag-moda","17":"tag-portugal","18":"tag-pt","19":"tag-tenis","20":"tag-versa","21":"tag-viagens"},"share_on_mastodon":{"url":"https:\/\/pubeurope.com\/@pt\/115556572380754592","error":""},"_links":{"self":[{"href":"https:\/\/www.europesays.com\/pt\/wp-json\/wp\/v2\/posts\/153336","targetHints":{"allow":["GET"]}}],"collection":[{"href":"https:\/\/www.europesays.com\/pt\/wp-json\/wp\/v2\/posts"}],"about":[{"href":"https:\/\/www.europesays.com\/pt\/wp-json\/wp\/v2\/types\/post"}],"author":[{"embeddable":true,"href":"https:\/\/www.europesays.com\/pt\/wp-json\/wp\/v2\/users\/2"}],"replies":[{"embeddable":true,"href":"https:\/\/www.europesays.com\/pt\/wp-json\/wp\/v2\/comments?post=153336"}],"version-history":[{"count":0,"href":"https:\/\/www.europesays.com\/pt\/wp-json\/wp\/v2\/posts\/153336\/revisions"}],"wp:featuredmedia":[{"embeddable":true,"href":"https:\/\/www.europesays.com\/pt\/wp-json\/wp\/v2\/media\/153337"}],"wp:attachment":[{"href":"https:\/\/www.europesays.com\/pt\/wp-json\/wp\/v2\/media?parent=153336"}],"wp:term":[{"taxonomy":"category","embeddable":true,"href":"https:\/\/www.europesays.com\/pt\/wp-json\/wp\/v2\/categories?post=153336"},{"taxonomy":"post_tag","embeddable":true,"href":"https:\/\/www.europesays.com\/pt\/wp-json\/wp\/v2\/tags?post=153336"}],"curies":[{"name":"wp","href":"https:\/\/api.w.org\/{rel}","templated":true}]}}