{"id":153340,"date":"2025-11-16T00:40:30","date_gmt":"2025-11-16T00:40:30","guid":{"rendered":"https:\/\/www.europesays.com\/pt\/153340\/"},"modified":"2025-11-16T00:40:30","modified_gmt":"2025-11-16T00:40:30","slug":"ja-e-natal-para-bad-bunny","status":"publish","type":"post","link":"https:\/\/www.europesays.com\/pt\/153340\/","title":{"rendered":"J\u00e1 \u00e9 Natal para Bad Bunny&#8230;"},"content":{"rendered":"\n<p class=\" content-text__container \" data-track-category=\"Link no Texto\" data-track-links=\"\"> Para embalar a brincadeira, ele escolheu &#8220;All I want for Christmas is you&#8221;, hit natalino da cantora americana <a class=\"\" href=\"https:\/\/oglobo.globo.com\/tudo-sobre\/personalidade\/mariah-carey\" rel=\"nofollow noopener\" target=\"_blank\">Mariah Carey<\/a>. <a class=\"\" href=\"https:\/\/oglobo.globo.com\/cultura\/noticia\/2024\/12\/25\/mariah-carey-canta-hit-natalino-em-apresentacao-no-intervalo-do-futebol-americano.ghtml\" rel=\"nofollow noopener\" target=\"_blank\">A can\u00e7\u00e3o foi lan\u00e7ada por ela em 2024<\/a> e alcan\u00e7ou o n\u00famero um nas paradas de m\u00fasicas reproduzidas no streaming por v\u00e1rias semanas consecutivas. <\/p>\n<p class=\" content-text__container \" data-track-category=\"Link no Texto\" data-track-links=\"\"> Bad Bunny, por sua vez, acaba de vencer o Grammy Latino com o \u00e1lbum do ano por &#8216;Deb\u00ed Tirar M\u00e1s Fotos&#8217;. Com 12 indica\u00e7\u00f5es, artista levou quatro pr\u00eamios, consolidando a posi\u00e7\u00e3o do artista como destaque da cerim\u00f4nia. <\/p>\n<p class=\" content-text__container \" data-track-category=\"Link no Texto\" data-track-links=\"\"> O porto riquenho conquistou outros tr\u00eas pr\u00eamio com a faixa &#8220;DtMF&#8221; garantiu tr\u00eas vit\u00f3rias: Melhor Performance de Urban\/Fusion; Melhor \u00c1lbum de M\u00fasica Urbana; e Melhor M\u00fasica Urbana <\/p>\n<p class=\" content-text__container \" data-track-category=\"Link no Texto\" data-track-links=\"\"> Ele tamb\u00e9m venceu como Melhor Performance de Reggaeton com &#8220;Voy A Llevarte Pa Pr&#8221;. <\/p>\n","protected":false},"excerpt":{"rendered":"Para embalar a brincadeira, ele escolheu &#8220;All I want for Christmas is you&#8221;, hit natalino da cantora americana&hellip;\n","protected":false},"author":2,"featured_media":153341,"comment_status":"","ping_status":"","sticky":false,"template":"","format":"standard","meta":{"footnotes":""},"categories":[145],"tags":[18582,1640,211,210,114,115,272,32,33,679],"class_list":{"0":"post-153340","1":"post","2":"type-post","3":"status-publish","4":"format-standard","5":"has-post-thumbnail","7":"category-celebridades","8":"tag-bad-bunny","9":"tag-cantora","10":"tag-celebridades","11":"tag-celebrities","12":"tag-entertainment","13":"tag-entretenimento","14":"tag-mariah-carey","15":"tag-portugal","16":"tag-pt","17":"tag-reportagem"},"share_on_mastodon":{"url":"https:\/\/pubeurope.com\/@pt\/115556595972247957","error":""},"_links":{"self":[{"href":"https:\/\/www.europesays.com\/pt\/wp-json\/wp\/v2\/posts\/153340","targetHints":{"allow":["GET"]}}],"collection":[{"href":"https:\/\/www.europesays.com\/pt\/wp-json\/wp\/v2\/posts"}],"about":[{"href":"https:\/\/www.europesays.com\/pt\/wp-json\/wp\/v2\/types\/post"}],"author":[{"embeddable":true,"href":"https:\/\/www.europesays.com\/pt\/wp-json\/wp\/v2\/users\/2"}],"replies":[{"embeddable":true,"href":"https:\/\/www.europesays.com\/pt\/wp-json\/wp\/v2\/comments?post=153340"}],"version-history":[{"count":0,"href":"https:\/\/www.europesays.com\/pt\/wp-json\/wp\/v2\/posts\/153340\/revisions"}],"wp:featuredmedia":[{"embeddable":true,"href":"https:\/\/www.europesays.com\/pt\/wp-json\/wp\/v2\/media\/153341"}],"wp:attachment":[{"href":"https:\/\/www.europesays.com\/pt\/wp-json\/wp\/v2\/media?parent=153340"}],"wp:term":[{"taxonomy":"category","embeddable":true,"href":"https:\/\/www.europesays.com\/pt\/wp-json\/wp\/v2\/categories?post=153340"},{"taxonomy":"post_tag","embeddable":true,"href":"https:\/\/www.europesays.com\/pt\/wp-json\/wp\/v2\/tags?post=153340"}],"curies":[{"name":"wp","href":"https:\/\/api.w.org\/{rel}","templated":true}]}}