{"id":153345,"date":"2025-11-16T00:50:42","date_gmt":"2025-11-16T00:50:42","guid":{"rendered":"https:\/\/www.europesays.com\/pt\/153345\/"},"modified":"2025-11-16T00:50:42","modified_gmt":"2025-11-16T00:50:42","slug":"preco-da-gasolina-vai-disparar-em-portugal-para-a-semana-gasoleo-tambem-aumenta","status":"publish","type":"post","link":"https:\/\/www.europesays.com\/pt\/153345\/","title":{"rendered":"Pre\u00e7o da gasolina vai disparar em Portugal para a semana: gas\u00f3leo tamb\u00e9m aumenta"},"content":{"rendered":"<p class=\"leading\">\n                O pre\u00e7o da gasolina e do gas\u00f3leo est\u00e1 prestes a subir esta segunda-feira, 17 de novembro.             <\/p>\n<p class=\"article-image \"><img decoding=\"async\" alt=\"Gasolina\" height=\"900\" src=\"https:\/\/www.europesays.com\/pt\/wp-content\/uploads\/2025\/11\/design-sem-nome-2025-11-14t103102-861.jpg\" width=\"1600\" fetchpriority=\"high\"\/><\/p>\n<p>Se est\u00e1s com ideias de atestar o dep\u00f3sito nos pr\u00f3ximos dias, o melhor \u00e9 acompanhar a evolu\u00e7\u00e3o dos pre\u00e7os dos combust\u00edveis para a semana que vem. A partir de segunda-feira, 17 de novembro, entram em vigor novos valores, com altera\u00e7\u00f5es diferentes para gasolina e gas\u00f3leo.<\/p>\n<p>As estimativas indicam que o gas\u00f3leo dever\u00e1 ficar cerca de 0,5 c\u00eantimos por litro mais caro, enquanto a gasolina dever\u00e1 sofrer uma subida de aproximadamente 3 c\u00eantimos por litro. Desta forma, os pre\u00e7os m\u00e9dios dever\u00e3o situar-se nos 1,735 \u20ac\/litro para a gasolina e 1,609 \u20ac\/litro para o gas\u00f3leo. Os dados foram avan\u00e7ados pelo <a href=\"https:\/\/www.acp.pt\/o-clube\/revista-acp\/atualidade\/newsarticleautoclube.aspx?nid=18896\" rel=\"nofollow noopener\" target=\"_blank\">Autom\u00f3vel Club Portugal<\/a>.<\/p>\n<p>Importa referir que estes valores j\u00e1 englobam os habituais descontos das principais marcas, assim como as medidas fiscais tempor\u00e1rias ainda em vigor, aplicadas para suavizar o impacto das oscila\u00e7\u00f5es do mercado energ\u00e9tico.<\/p>\n<p>Como encontrar o combust\u00edvel mais econ\u00f3mico?<\/p>\n<p>J\u00e1 se sabe que os pre\u00e7os podem variar significativamente de posto para posto, j\u00e1 que cada operador pratica a sua pr\u00f3pria tabela. Para comparar alternativas, os automobilistas podem usar o <a href=\"http:\/\/precoscombustiveis.dgeg.gov.pt\/\" rel=\"nofollow noopener\" target=\"_blank\">Portal Pre\u00e7os dos Combust\u00edveis Online<\/a>, uma ferramenta oficial que permite verificar e confrontar valores por tipo de combust\u00edvel, marca ou zona geogr\u00e1fica.<\/p>\n<p>Ao selecionar o distrito e o concelho pretendidos, torna-se simples perceber onde \u00e9 mais vantajoso abastecer, facilitando a poupan\u00e7a e permitindo escolher o posto que melhor se ajusta aos trajetos e necessidades de cada condutor.<\/p>\n<p>\ud83c\udfc6 <strong>Pr\u00e9mios 4gnews 2025<\/strong><br \/>Vota nos teus favoritos e ganha pr\u00e9mios incr\u00edveis.<br \/>\ud83d\udc49 <a href=\"https:\/\/4gnews.pt\/premios-4gnews\/\" rel=\"nofollow noopener\" target=\"_blank\">Votar agora<\/a><\/p>\n<p><a href=\"https:\/\/amzn.to\/4iLoI35\" target=\"_blank\" rel=\"nofollow noreferrer noopener\"><img decoding=\"async\" alt=\"CIRYCASE Suporte m\u00f3vel para carro, [suc\u00e7\u00e3o ultra poderosa] suporte de telem\u00f3vel carro universal\" height=\"765\" width=\"569\" class=\"lazyload\" src=\"https:\/\/www.europesays.com\/pt\/wp-content\/uploads\/2025\/07\/71lnk1aasnl-ac-sx569.jpg\" loading=\"lazy\"\/><\/a><\/p>\n<p class=\"inline-related-title\">Editores 4gnews recomendam:<\/p>\n","protected":false},"excerpt":{"rendered":"O pre\u00e7o da gasolina e do gas\u00f3leo est\u00e1 prestes a subir esta segunda-feira, 17 de novembro. Se est\u00e1s&hellip;\n","protected":false},"author":2,"featured_media":153346,"comment_status":"","ping_status":"","sticky":false,"template":"","format":"standard","meta":{"footnotes":""},"categories":[83],"tags":[88,89,90,32,33],"class_list":{"0":"post-153345","1":"post","2":"type-post","3":"status-publish","4":"format-standard","5":"has-post-thumbnail","7":"category-empresas","8":"tag-business","9":"tag-economy","10":"tag-empresas","11":"tag-portugal","12":"tag-pt"},"share_on_mastodon":{"url":"https:\/\/pubeurope.com\/@pt\/115556635562614462","error":""},"_links":{"self":[{"href":"https:\/\/www.europesays.com\/pt\/wp-json\/wp\/v2\/posts\/153345","targetHints":{"allow":["GET"]}}],"collection":[{"href":"https:\/\/www.europesays.com\/pt\/wp-json\/wp\/v2\/posts"}],"about":[{"href":"https:\/\/www.europesays.com\/pt\/wp-json\/wp\/v2\/types\/post"}],"author":[{"embeddable":true,"href":"https:\/\/www.europesays.com\/pt\/wp-json\/wp\/v2\/users\/2"}],"replies":[{"embeddable":true,"href":"https:\/\/www.europesays.com\/pt\/wp-json\/wp\/v2\/comments?post=153345"}],"version-history":[{"count":0,"href":"https:\/\/www.europesays.com\/pt\/wp-json\/wp\/v2\/posts\/153345\/revisions"}],"wp:featuredmedia":[{"embeddable":true,"href":"https:\/\/www.europesays.com\/pt\/wp-json\/wp\/v2\/media\/153346"}],"wp:attachment":[{"href":"https:\/\/www.europesays.com\/pt\/wp-json\/wp\/v2\/media?parent=153345"}],"wp:term":[{"taxonomy":"category","embeddable":true,"href":"https:\/\/www.europesays.com\/pt\/wp-json\/wp\/v2\/categories?post=153345"},{"taxonomy":"post_tag","embeddable":true,"href":"https:\/\/www.europesays.com\/pt\/wp-json\/wp\/v2\/tags?post=153345"}],"curies":[{"name":"wp","href":"https:\/\/api.w.org\/{rel}","templated":true}]}}