{"id":153347,"date":"2025-11-16T00:52:11","date_gmt":"2025-11-16T00:52:11","guid":{"rendered":"https:\/\/www.europesays.com\/pt\/153347\/"},"modified":"2025-11-16T00:52:11","modified_gmt":"2025-11-16T00:52:11","slug":"pj-investiga-causas-na-costa-da-caparica","status":"publish","type":"post","link":"https:\/\/www.europesays.com\/pt\/153347\/","title":{"rendered":"PJ Investiga Causas na Costa da Caparica"},"content":{"rendered":"<p>O bar \u201cSalty Club\u201d, situado na Praia do Rei, na Costa da Caparica, em Almada, foi &#8220;totalmente destru\u00eddo&#8221; por um inc\u00eandio que deflagrou na manh\u00e3 deste s\u00e1bado, 15 de outubro. As causas do fogo est\u00e3o agora a ser investigadas pela Pol\u00edcia Judici\u00e1ria (PJ), que foi chamada ao local.<\/p>\n<p>Segundo disse \u00e0 Lusa fonte do Comando Sub-Regional de Emerg\u00eancia e Protec\u00e7\u00e3o Civil da Pen\u00ednsula de Set\u00fabal, o alerta foi dado pelas 7h30. O fogo, que n\u00e3o causou v\u00edtimas, mobilizou 27 operacionais e 11 viaturas para o local.<\/p>\n","protected":false},"excerpt":{"rendered":"O bar \u201cSalty Club\u201d, situado na Praia do Rei, na Costa da Caparica, em Almada, foi &#8220;totalmente destru\u00eddo&#8221;&hellip;\n","protected":false},"author":2,"featured_media":153348,"comment_status":"","ping_status":"","sticky":false,"template":"","format":"standard","meta":{"footnotes":""},"categories":[10],"tags":[27,28,4106,15,16,14,625,25,26,21,22,12,13,19,20,32,23,24,33,17,18,29,30,31],"class_list":{"0":"post-153347","1":"post","2":"type-post","3":"status-publish","4":"format-standard","5":"has-post-thumbnail","7":"category-portugal","8":"tag-breaking-news","9":"tag-breakingnews","10":"tag-costa-da-caparica","11":"tag-featured-news","12":"tag-featurednews","13":"tag-headlines","14":"tag-incendio","15":"tag-latest-news","16":"tag-latestnews","17":"tag-main-news","18":"tag-mainnews","19":"tag-news","20":"tag-noticias","21":"tag-noticias-principais","22":"tag-noticiasprincipais","23":"tag-portugal","24":"tag-principais-noticias","25":"tag-principaisnoticias","26":"tag-pt","27":"tag-top-stories","28":"tag-topstories","29":"tag-ultimas","30":"tag-ultimas-noticias","31":"tag-ultimasnoticias"},"share_on_mastodon":{"url":"https:\/\/pubeurope.com\/@pt\/115556643210745765","error":""},"_links":{"self":[{"href":"https:\/\/www.europesays.com\/pt\/wp-json\/wp\/v2\/posts\/153347","targetHints":{"allow":["GET"]}}],"collection":[{"href":"https:\/\/www.europesays.com\/pt\/wp-json\/wp\/v2\/posts"}],"about":[{"href":"https:\/\/www.europesays.com\/pt\/wp-json\/wp\/v2\/types\/post"}],"author":[{"embeddable":true,"href":"https:\/\/www.europesays.com\/pt\/wp-json\/wp\/v2\/users\/2"}],"replies":[{"embeddable":true,"href":"https:\/\/www.europesays.com\/pt\/wp-json\/wp\/v2\/comments?post=153347"}],"version-history":[{"count":0,"href":"https:\/\/www.europesays.com\/pt\/wp-json\/wp\/v2\/posts\/153347\/revisions"}],"wp:featuredmedia":[{"embeddable":true,"href":"https:\/\/www.europesays.com\/pt\/wp-json\/wp\/v2\/media\/153348"}],"wp:attachment":[{"href":"https:\/\/www.europesays.com\/pt\/wp-json\/wp\/v2\/media?parent=153347"}],"wp:term":[{"taxonomy":"category","embeddable":true,"href":"https:\/\/www.europesays.com\/pt\/wp-json\/wp\/v2\/categories?post=153347"},{"taxonomy":"post_tag","embeddable":true,"href":"https:\/\/www.europesays.com\/pt\/wp-json\/wp\/v2\/tags?post=153347"}],"curies":[{"name":"wp","href":"https:\/\/api.w.org\/{rel}","templated":true}]}}