{"id":15335,"date":"2025-08-04T10:27:11","date_gmt":"2025-08-04T10:27:11","guid":{"rendered":"https:\/\/www.europesays.com\/pt\/15335\/"},"modified":"2025-08-04T10:27:11","modified_gmt":"2025-08-04T10:27:11","slug":"esta-ventoinha-silenciosa-compacta-e-ajustavel-custa-cerca-de-30e-e-pode-leva-la-para-todo-o-lado-dois-as-10","status":"publish","type":"post","link":"https:\/\/www.europesays.com\/pt\/15335\/","title":{"rendered":"Esta ventoinha silenciosa, compacta e ajust\u00e1vel custa cerca de 30\u20ac. E pode lev\u00e1-la para todo o lado &#8211; Dois \u00e0s 10"},"content":{"rendered":"<p>Este artigo pode conter links afiliados*<\/p>\n<p data-end=\"601\" data-start=\"150\">Com design compacto e dobr\u00e1vel, a ventoinha port\u00e1til da LIPETY combina pot\u00eancia e praticidade num s\u00f3 aparelho. Ajusta-se em altura para ser usada de p\u00e9, mas tamb\u00e9m se dobra completamente, cabendo numa gaveta ou mochila. \u00c9 silenciosa, tem controlo remoto, autonomia at\u00e9 23 horas e custa cerca de 30\u20ac. \u00c9 ideal para quem procura conforto nos dias quentes, sem comprometer espa\u00e7o \u2014 e continua a surpreender pelo desempenho e pela facilidade de transporte.<\/p>\n<p>*Alguns dos produtos mencionados neste artigo foram selecionados de forma independente pela nossa equipa editorial. Se realizar uma compra atrav\u00e9s dos links inclu\u00eddos podemos receber uma comiss\u00e3o. Esta parceria ajuda-nos a continuar a oferecer conte\u00fados de qualidade.<\/p>\n<p>\u00a0\u00a0<\/p>\n","protected":false},"excerpt":{"rendered":"Este artigo pode conter links afiliados* Com design compacto e dobr\u00e1vel, a ventoinha port\u00e1til da LIPETY combina pot\u00eancia&hellip;\n","protected":false},"author":2,"featured_media":15336,"comment_status":"","ping_status":"","sticky":false,"template":"","format":"standard","meta":{"footnotes":""},"categories":[84],"tags":[514,109,107,108,329,166,6083,3412,3406,3409,801,3410,3411,3407,3408,3413,338,6084,32,33,105,103,104,106,110,6082],"class_list":{"0":"post-15335","1":"post","2":"type-post","3":"status-publish","4":"format-standard","5":"has-post-thumbnail","7":"category-ciencia-e-tecnologia","8":"tag-amazon","9":"tag-ciencia","10":"tag-ciencia-e-tecnologia","11":"tag-cienciaetecnologia","12":"tag-claudio-ramos","13":"tag-cristina-ferreira","14":"tag-dobravel","15":"tag-dois-10","16":"tag-dois-a-s-10-dois-a-s-10","17":"tag-dois-a-s-dez","18":"tag-dois-as-10","19":"tag-dois-as-dez","20":"tag-dois-dez","21":"tag-doisas10","22":"tag-doisasdez","23":"tag-manha-tvi","24":"tag-maria-botelho-moniz","25":"tag-portatil","26":"tag-portugal","27":"tag-pt","28":"tag-science","29":"tag-science-and-technology","30":"tag-scienceandtechnology","31":"tag-technology","32":"tag-tecnologia","33":"tag-ventoinha-de-pe"},"share_on_mastodon":{"url":"","error":""},"_links":{"self":[{"href":"https:\/\/www.europesays.com\/pt\/wp-json\/wp\/v2\/posts\/15335","targetHints":{"allow":["GET"]}}],"collection":[{"href":"https:\/\/www.europesays.com\/pt\/wp-json\/wp\/v2\/posts"}],"about":[{"href":"https:\/\/www.europesays.com\/pt\/wp-json\/wp\/v2\/types\/post"}],"author":[{"embeddable":true,"href":"https:\/\/www.europesays.com\/pt\/wp-json\/wp\/v2\/users\/2"}],"replies":[{"embeddable":true,"href":"https:\/\/www.europesays.com\/pt\/wp-json\/wp\/v2\/comments?post=15335"}],"version-history":[{"count":0,"href":"https:\/\/www.europesays.com\/pt\/wp-json\/wp\/v2\/posts\/15335\/revisions"}],"wp:featuredmedia":[{"embeddable":true,"href":"https:\/\/www.europesays.com\/pt\/wp-json\/wp\/v2\/media\/15336"}],"wp:attachment":[{"href":"https:\/\/www.europesays.com\/pt\/wp-json\/wp\/v2\/media?parent=15335"}],"wp:term":[{"taxonomy":"category","embeddable":true,"href":"https:\/\/www.europesays.com\/pt\/wp-json\/wp\/v2\/categories?post=15335"},{"taxonomy":"post_tag","embeddable":true,"href":"https:\/\/www.europesays.com\/pt\/wp-json\/wp\/v2\/tags?post=15335"}],"curies":[{"name":"wp","href":"https:\/\/api.w.org\/{rel}","templated":true}]}}