{"id":153354,"date":"2025-11-16T01:04:15","date_gmt":"2025-11-16T01:04:15","guid":{"rendered":"https:\/\/www.europesays.com\/pt\/153354\/"},"modified":"2025-11-16T01:04:15","modified_gmt":"2025-11-16T01:04:15","slug":"setubal-tem-novos-apartamentos-de-luxo-com-vista-para-o-sado-new-in-setubal","status":"publish","type":"post","link":"https:\/\/www.europesays.com\/pt\/153354\/","title":{"rendered":"Set\u00fabal tem novos apartamentos de luxo com vista para o Sado \u2014 New in Set\u00fabal"},"content":{"rendered":"<p>Set\u00fabal acaba de ganhar um novo \u00edcone no setor imobili\u00e1rio de luxo. Chama-se River Line e \u00e9 o mais recente projeto a ser comercializado pela RE\/MAX Collection, em parceria com a RE\/MAX Lounge, que promete elevar os padr\u00f5es da habita\u00e7\u00e3o na regi\u00e3o. Com assinatura do atelier Saraiva + Associados, o empreendimento est\u00e1 situado numa zona privilegiada entre a cidade, o estu\u00e1rio do Sado e a Serra da Arr\u00e1bida, onde a natureza e a arquitetura de excel\u00eancia convivem em harmonia.<\/p>\n<p>A poucos minutos do centro hist\u00f3rico de Set\u00fabal e com liga\u00e7\u00e3o direta \u00e0s praias e paisagens \u00fanicas da regi\u00e3o, o River Line tem 40 apartamentos com tipologias T1, T2 e T3. <strong>Os pre\u00e7os come\u00e7am nos 280.000\u20ac e v\u00e3o at\u00e9 aos 400.000\u20ac<\/strong>, o que, para este segmento, representa um convite a um novo estilo de vida, simultaneamente urbano, sofisticado e conectado com a envolvente natural.<\/p>\n<p>Design contempor\u00e2neo, conforto e vista para o Sado<\/p>\n<p>Os apartamentos foram projetados para maximizar a luz natural e a rela\u00e7\u00e3o visual com a paisagem. As janelas estrategicamente orientadas permitem vistas panor\u00e2micas sobre o azul do rio Sado, as praias de Troia e o verde da Serra da Arr\u00e1bida.<\/p>\n<p>Cada unidade \u00e9 um ref\u00fagio luminoso (desenhado para ter muita luz natural) e acolhedor, pensado para quem valoriza o equil\u00edbrio entre o conforto moderno e o privil\u00e9gio de viver rodeado de beleza natural.<\/p>\n<p>Os moradores do River Line t\u00eam ainda \u00e0 disposi\u00e7\u00e3o \u00e1reas comuns equipadas com piscina exterior, jardim interior, gin\u00e1sio e uma sala de festas, ideal para conv\u00edvios ou eventos privados. Todos os apartamentos incluem um lugar de estacionamento.<\/p>\n<p>Materiais nobres e homenagem \u00e0 hist\u00f3ria industrial de Set\u00fabal<\/p>\n<p>Um dos elementos que distingue o River Line \u00e9 o compromisso com o design, a mem\u00f3ria e a autenticidade. Os materiais usados na constru\u00e7\u00e3o foram criteriosamente escolhidos para refletir o car\u00e1ter da cidade e do local.<\/p>\n<p><strong>Destaque para os azulejos artesanais que revestem a fachada, que \u201cmimetizam o reflexo da luz nas \u00e1guas do estu\u00e1rio\u201d do Sado<\/strong>, e para os elementos industriais preservados, como uma antiga chamin\u00e9 de f\u00e1brica, integrada nas \u00e1reas comuns do condom\u00ednio.<\/p>\n<p>Este cuidado com os detalhes n\u00e3o \u00e9 apenas est\u00e9tico: \u00e9 uma forma de homenagear o passado industrial da zona, mantendo viva a mem\u00f3ria coletiva enquanto se constr\u00f3i um futuro mais elegante e sustent\u00e1vel.<\/p>\n<p>Viver com eleg\u00e2ncia entre o Atl\u00e2ntico e a Arr\u00e1bida<\/p>\n<p>Para Beatriz Rubio, CEO da RE\/MAX Collection, o River Line representa muito mais do que um simples investimento imobili\u00e1rio. \u201cO River Line une \u00e0 vibrante cultura da cidade a serenidade das \u00e1guas e da serra, criando um estilo de vida verdadeiramente excecional. Este \u00e9 um ref\u00fagio onde a natureza est\u00e1 sempre presente, permitindo desfrutar, todos os dias, da tranquilidade e belezas \u00fanicas da regi\u00e3o, desde as praias da Arr\u00e1bida, vista para Troia, ao Forte de S\u00e3o Filipe. A silhueta moderna do empreendimento integra-se harmoniosamente na paisagem, refletindo a ess\u00eancia sofisticada da RE\/MAX Collection\u201d.<\/p>\n<p>Este novo projeto surge num momento de afirma\u00e7\u00e3o de Set\u00fabal como um polo de atratividade para investimento imobili\u00e1rio de luxo, gra\u00e7as \u00e0 localiza\u00e7\u00e3o estrat\u00e9gica, riqueza natural, cultural e enogastron\u00f3mica, e \u00e0 crescente procura por alternativas residenciais fora dos grandes centros urbanos.<\/p>\n<p>O River Line afirma-se como um marco de qualidade e sofistica\u00e7\u00e3o na frente ribeirinha de Set\u00fabal, perfeito para quem procura uma nova vida \u00e0 beira-rio, com toda a comodidade de um condom\u00ednio moderno e as vantagens de viver numa cidade com identidade pr\u00f3pria.<\/p>\n<p>Carregue na galeria para conhecer melhor estes <a href=\"https:\/\/riverline.pt\/\" target=\"_blank\" rel=\"noopener nofollow\">apartamentos<\/a> de luxo.<\/p>\n","protected":false},"excerpt":{"rendered":"Set\u00fabal acaba de ganhar um novo \u00edcone no setor imobili\u00e1rio de luxo. Chama-se River Line e \u00e9 o&hellip;\n","protected":false},"author":2,"featured_media":153355,"comment_status":"","ping_status":"","sticky":false,"template":"","format":"standard","meta":{"footnotes":""},"categories":[83],"tags":[88,89,90,32,33],"class_list":{"0":"post-153354","1":"post","2":"type-post","3":"status-publish","4":"format-standard","5":"has-post-thumbnail","7":"category-empresas","8":"tag-business","9":"tag-economy","10":"tag-empresas","11":"tag-portugal","12":"tag-pt"},"share_on_mastodon":{"url":"https:\/\/pubeurope.com\/@pt\/115556690386668785","error":""},"_links":{"self":[{"href":"https:\/\/www.europesays.com\/pt\/wp-json\/wp\/v2\/posts\/153354","targetHints":{"allow":["GET"]}}],"collection":[{"href":"https:\/\/www.europesays.com\/pt\/wp-json\/wp\/v2\/posts"}],"about":[{"href":"https:\/\/www.europesays.com\/pt\/wp-json\/wp\/v2\/types\/post"}],"author":[{"embeddable":true,"href":"https:\/\/www.europesays.com\/pt\/wp-json\/wp\/v2\/users\/2"}],"replies":[{"embeddable":true,"href":"https:\/\/www.europesays.com\/pt\/wp-json\/wp\/v2\/comments?post=153354"}],"version-history":[{"count":0,"href":"https:\/\/www.europesays.com\/pt\/wp-json\/wp\/v2\/posts\/153354\/revisions"}],"wp:featuredmedia":[{"embeddable":true,"href":"https:\/\/www.europesays.com\/pt\/wp-json\/wp\/v2\/media\/153355"}],"wp:attachment":[{"href":"https:\/\/www.europesays.com\/pt\/wp-json\/wp\/v2\/media?parent=153354"}],"wp:term":[{"taxonomy":"category","embeddable":true,"href":"https:\/\/www.europesays.com\/pt\/wp-json\/wp\/v2\/categories?post=153354"},{"taxonomy":"post_tag","embeddable":true,"href":"https:\/\/www.europesays.com\/pt\/wp-json\/wp\/v2\/tags?post=153354"}],"curies":[{"name":"wp","href":"https:\/\/api.w.org\/{rel}","templated":true}]}}