{"id":153356,"date":"2025-11-16T01:06:18","date_gmt":"2025-11-16T01:06:18","guid":{"rendered":"https:\/\/www.europesays.com\/pt\/153356\/"},"modified":"2025-11-16T01:06:18","modified_gmt":"2025-11-16T01:06:18","slug":"suspeitos-de-corrupcao-e-branqueamento-em-lisboa","status":"publish","type":"post","link":"https:\/\/www.europesays.com\/pt\/153356\/","title":{"rendered":"Suspeitos de Corrup\u00e7\u00e3o e Branqueamento em Lisboa"},"content":{"rendered":"<p>A Pol\u00edcia Judici\u00e1ria (PJ) deteve, na zona de Lisboa, <strong>um homem e uma mulher de 44 e 40 anos, respetivamente, por pr\u00e1tica de crimes de associa\u00e7\u00e3o criminosa, corrup\u00e7\u00e3o e branqueamento de capitais.<\/strong> Poder\u00e3o ser condenados a penas de 12 anos de pris\u00e3o.<\/p>\n<p>A a\u00e7\u00e3o da PJ, efetuada atrav\u00e9s da Unidade de Informa\u00e7\u00e3o Criminal, foi realizada no \u00e2mbito de mandados de deten\u00e7\u00e3o internacionais, emitidos pelas autoridades judici\u00e1rias brasileiras.<\/p>\n<p>Segundo comunicado da PJ, <strong>a apreens\u00e3o de 30 mil litros de metanol, em 2023, levou \u00e0 descoberta de uma organiza\u00e7\u00e3o criminosa, envolvida no com\u00e9rcio de combust\u00edvel adulterado com metanol, corrup\u00e7\u00e3o de funcion\u00e1rios p\u00fablicos e oculta\u00e7\u00e3o de bens e fundos derivados dessas atividades il\u00edcitas<\/strong>.<\/p>\n<p>&#8220;<strong>A organiza\u00e7\u00e3o criminosa operava de forma organizada e estruturada<\/strong>, com uma clara divis\u00e3o de fun\u00e7\u00f5es, sendo que \u00e0 frente da organiza\u00e7\u00e3o estava um dos elementos agora detido, respons\u00e1vel por tomar decis\u00f5es relativas a todas as atividades da organiza\u00e7\u00e3o, emitir ordens aos subordinados e gerir os recursos financeiros do grupo criminoso&#8221;, diz o comunicado.<\/p>\n<p>Na conta banc\u00e1ria, do outro detido, foram detetados fundos il\u00edcitos da organiza\u00e7\u00e3o criminosa, auxiliando assim na oculta\u00e7\u00e3o de bens e valores.<\/p>\n<p><strong>Foi apurado ainda a titularidade de v\u00e1rios ve\u00edculos de luxo<\/strong>, utilizados por outros membros da organiza\u00e7\u00e3o.<\/p>\n<p>Os dois cidad\u00e3os estrangeiros ir\u00e3o ser presentes ao Tribunal da Rela\u00e7\u00e3o de Lisboa, para aplica\u00e7\u00e3o de uma medida de coa\u00e7\u00e3o.<\/p>\n","protected":false},"excerpt":{"rendered":"A Pol\u00edcia Judici\u00e1ria (PJ) deteve, na zona de Lisboa, um homem e uma mulher de 44 e 40&hellip;\n","protected":false},"author":2,"featured_media":153357,"comment_status":"","ping_status":"","sticky":false,"template":"","format":"standard","meta":{"footnotes":""},"categories":[10],"tags":[33082,27,28,4469,15,16,14,25,26,21,22,12,13,19,20,4107,32,23,24,33,17,18,29,30,31],"class_list":{"0":"post-153356","1":"post","2":"type-post","3":"status-publish","4":"format-standard","5":"has-post-thumbnail","7":"category-portugal","8":"tag-branqueamento-de-capitais","9":"tag-breaking-news","10":"tag-breakingnews","11":"tag-corrupcao","12":"tag-featured-news","13":"tag-featurednews","14":"tag-headlines","15":"tag-latest-news","16":"tag-latestnews","17":"tag-main-news","18":"tag-mainnews","19":"tag-news","20":"tag-noticias","21":"tag-noticias-principais","22":"tag-noticiasprincipais","23":"tag-pj","24":"tag-portugal","25":"tag-principais-noticias","26":"tag-principaisnoticias","27":"tag-pt","28":"tag-top-stories","29":"tag-topstories","30":"tag-ultimas","31":"tag-ultimas-noticias","32":"tag-ultimasnoticias"},"share_on_mastodon":{"url":"https:\/\/pubeurope.com\/@pt\/115556698246199381","error":""},"_links":{"self":[{"href":"https:\/\/www.europesays.com\/pt\/wp-json\/wp\/v2\/posts\/153356","targetHints":{"allow":["GET"]}}],"collection":[{"href":"https:\/\/www.europesays.com\/pt\/wp-json\/wp\/v2\/posts"}],"about":[{"href":"https:\/\/www.europesays.com\/pt\/wp-json\/wp\/v2\/types\/post"}],"author":[{"embeddable":true,"href":"https:\/\/www.europesays.com\/pt\/wp-json\/wp\/v2\/users\/2"}],"replies":[{"embeddable":true,"href":"https:\/\/www.europesays.com\/pt\/wp-json\/wp\/v2\/comments?post=153356"}],"version-history":[{"count":0,"href":"https:\/\/www.europesays.com\/pt\/wp-json\/wp\/v2\/posts\/153356\/revisions"}],"wp:featuredmedia":[{"embeddable":true,"href":"https:\/\/www.europesays.com\/pt\/wp-json\/wp\/v2\/media\/153357"}],"wp:attachment":[{"href":"https:\/\/www.europesays.com\/pt\/wp-json\/wp\/v2\/media?parent=153356"}],"wp:term":[{"taxonomy":"category","embeddable":true,"href":"https:\/\/www.europesays.com\/pt\/wp-json\/wp\/v2\/categories?post=153356"},{"taxonomy":"post_tag","embeddable":true,"href":"https:\/\/www.europesays.com\/pt\/wp-json\/wp\/v2\/tags?post=153356"}],"curies":[{"name":"wp","href":"https:\/\/api.w.org\/{rel}","templated":true}]}}