{"id":153362,"date":"2025-11-16T01:13:10","date_gmt":"2025-11-16T01:13:10","guid":{"rendered":"https:\/\/www.europesays.com\/pt\/153362\/"},"modified":"2025-11-16T01:13:10","modified_gmt":"2025-11-16T01:13:10","slug":"sobre-o-que-e-filme-brasileiro-elogiado-pela-variety","status":"publish","type":"post","link":"https:\/\/www.europesays.com\/pt\/153362\/","title":{"rendered":"sobre o que \u00e9 filme brasileiro elogiado pela Variety"},"content":{"rendered":"<p>Sobre o que \u00e9<\/p>\n<p class=\"bullet\" data-v-232111b4=\"\">Dirigido por Pedro Waddington (da s\u00e9rie &#8220;Sob Press\u00e3o&#8221;) e Rebeca Diniz, &#8220;Precisamos Falar&#8221; \u00e9 um thriller psicol\u00f3gico que adapta o best-seller internacional &#8220;O Jantar&#8221;, do autor holand\u00eas Herman Koch &#8211; obra que j\u00e1 recebeu vers\u00f5es na Holanda, It\u00e1lia, EUA e Coreia do Sul.<\/p>\n<p class=\"bullet\" data-v-232111b4=\"\"><strong>O filme acompanha a crise vivida por dois casais, Sandra (Marjorie Estiano) e Paulo (Alexandre Nero), e Celso (Em\u00edlio de Mello) e Anna (Hermila Guedes), ap\u00f3s descobrirem que seus filhos adolescentes s\u00e3o os culpados pelo assassinato brutal de uma mulher que dormia em um caixa eletr\u00f4nico.<\/strong> As imagens de seguran\u00e7a n\u00e3o permitem a identifica\u00e7\u00e3o dos criminosos, gerando uma grande como\u00e7\u00e3o midi\u00e1tica, mas os pais se veem diante de um dilema \u00e9tico insuport\u00e1vel: nem todos est\u00e3o dispostos a entregar os pr\u00f3prios filhos \u00e0 pol\u00edcia.<\/p>\n<p class=\"bullet\" data-v-232111b4=\"\"><strong>Em sua cr\u00edtica, a Variety salienta que o filme vai al\u00e9m de um simples thriller criminal. <\/strong>A publica\u00e7\u00e3o destaca que &#8220;o tom do filme se presta a discuss\u00f5es \u00e9ticas complexas, n\u00e3o somente sobre o crime e suas consequ\u00eancias, mas tamb\u00e9m sobre a atual conjuntura pol\u00edtica do Brasil&#8221;.<\/p>\n<p class=\"bullet\" data-v-232111b4=\"\">O artigo ainda observa que, &#8220;embora fa\u00e7a alus\u00e3o \u00e0 polariza\u00e7\u00e3o p\u00f3s-Bolsonaro, o filme nunca aborda abertamente o ex-presidente e sua ret\u00f3rica de direita&#8221;, sugerindo uma abordagem mais sutil e reflexiva.<\/p>\n<p class=\"bullet\" data-v-232111b4=\"\"><strong>O sucesso cr\u00edtico inicial de &#8220;Precisamos Falar&#8221; consolida uma fase excepcional para a produ\u00e7\u00e3o cinematogr\u00e1fica nacional no circuito global. <\/strong>O fen\u00f4meno come\u00e7ou com &#8220;Ainda Estou Aqui&#8221; (2024\/2025), que n\u00e3o somente garantiu ao Brasil sua primeira vit\u00f3ria na categoria de Melhor Filme Internacional do Oscar, como tamb\u00e9m deu a Fernanda Torres o Globo de Ouro de Melhor Atriz e conquistou uma indica\u00e7\u00e3o ao Oscar de Melhor Filme.<\/p>\n","protected":false},"excerpt":{"rendered":"Sobre o que \u00e9 Dirigido por Pedro Waddington (da s\u00e9rie &#8220;Sob Press\u00e3o&#8221;) e Rebeca Diniz, &#8220;Precisamos Falar&#8221; \u00e9&hellip;\n","protected":false},"author":2,"featured_media":153363,"comment_status":"","ping_status":"","sticky":false,"template":"","format":"standard","meta":{"footnotes":""},"categories":[140],"tags":[114,115,147,148,146,32,33],"class_list":{"0":"post-153362","1":"post","2":"type-post","3":"status-publish","4":"format-standard","5":"has-post-thumbnail","7":"category-filmes","8":"tag-entertainment","9":"tag-entretenimento","10":"tag-film","11":"tag-filmes","12":"tag-movies","13":"tag-portugal","14":"tag-pt"},"share_on_mastodon":{"url":"https:\/\/pubeurope.com\/@pt\/115556725868273973","error":""},"_links":{"self":[{"href":"https:\/\/www.europesays.com\/pt\/wp-json\/wp\/v2\/posts\/153362","targetHints":{"allow":["GET"]}}],"collection":[{"href":"https:\/\/www.europesays.com\/pt\/wp-json\/wp\/v2\/posts"}],"about":[{"href":"https:\/\/www.europesays.com\/pt\/wp-json\/wp\/v2\/types\/post"}],"author":[{"embeddable":true,"href":"https:\/\/www.europesays.com\/pt\/wp-json\/wp\/v2\/users\/2"}],"replies":[{"embeddable":true,"href":"https:\/\/www.europesays.com\/pt\/wp-json\/wp\/v2\/comments?post=153362"}],"version-history":[{"count":0,"href":"https:\/\/www.europesays.com\/pt\/wp-json\/wp\/v2\/posts\/153362\/revisions"}],"wp:featuredmedia":[{"embeddable":true,"href":"https:\/\/www.europesays.com\/pt\/wp-json\/wp\/v2\/media\/153363"}],"wp:attachment":[{"href":"https:\/\/www.europesays.com\/pt\/wp-json\/wp\/v2\/media?parent=153362"}],"wp:term":[{"taxonomy":"category","embeddable":true,"href":"https:\/\/www.europesays.com\/pt\/wp-json\/wp\/v2\/categories?post=153362"},{"taxonomy":"post_tag","embeddable":true,"href":"https:\/\/www.europesays.com\/pt\/wp-json\/wp\/v2\/tags?post=153362"}],"curies":[{"name":"wp","href":"https:\/\/api.w.org\/{rel}","templated":true}]}}