{"id":153366,"date":"2025-11-16T01:20:12","date_gmt":"2025-11-16T01:20:12","guid":{"rendered":"https:\/\/www.europesays.com\/pt\/153366\/"},"modified":"2025-11-16T01:20:12","modified_gmt":"2025-11-16T01:20:12","slug":"marcelo-destaca-heranca-islamica-e-recorda-respeito-pelo-espirito-ecumenico-religiao","status":"publish","type":"post","link":"https:\/\/www.europesays.com\/pt\/153366\/","title":{"rendered":"Marcelo destaca \u201cheran\u00e7a isl\u00e2mica\u201d e recorda respeito pelo esp\u00edrito ecum\u00e9nico | Religi\u00e3o"},"content":{"rendered":"<p>O Presidente da Rep\u00fablica, Marcelo Rebelo de Sousa, destacou este s\u00e1bado a import\u00e2ncia da &#8220;heran\u00e7a isl\u00e2mica&#8221; em Portugal, considerando que o pa\u00eds foi grande ao longo da hist\u00f3ria sempre que respeitou o esp\u00edrito ecum\u00e9nico, e pequeno quando n\u00e3o o fez.<\/p>\n<p>O chefe de Estado discursou este s\u00e1bado na sess\u00e3o solene comemorativa dos 40 anos da Mesquita Central de Lisboa, na qual esteve presente tamb\u00e9m a ministra da Justi\u00e7a, <a href=\"https:\/\/www.publico.pt\/2024\/03\/28\/sociedade\/noticia\/rita-alarcao-judice-jurista-especializada-imobiliario-nova-ministra-justica-2085255\" rel=\"nofollow noopener\" target=\"_blank\">Rita Alarc\u00e3o J\u00fadice<\/a>, bem como membros de diversas cren\u00e7as religiosas. <a href=\"https:\/\/www.publico.pt\/marcelo-rebelo-de-sousa\" rel=\"nofollow noopener\" target=\"_blank\">Marcelo Rebelo de Sousa<\/a> sublinhou a &#8220;abertura do Isl\u00e3o a diferentes religi\u00f5es&#8221; e citou passagens do Cor\u00e3o para o demonstrar.<\/p>\n<p>&#8220;Esta no\u00e7\u00e3o de que a todos chegam as d\u00e1divas do senhor, independentemente das suas cren\u00e7as, \u00e9 uma mensagem de ecumenismo, e consequentemente de abertura ao outro, de di\u00e1logo, <a href=\"https:\/\/www.publico.pt\/2025\/11\/02\/politica\/noticia\/marcelo-considera-maioria-esmagadora-portugueses-tolerante-aberta-2153074\" rel=\"nofollow noopener\" target=\"_blank\">de aceita\u00e7\u00e3o da diferen\u00e7a<\/a>, presentes no livro sagrado do Isl\u00e3o. Esta evoca\u00e7\u00e3o, hoje reafirmada, representa um tributo ao esp\u00edrito ecum\u00e9nico existente em Portugal&#8221;, afirmou.<\/p>\n<p>Para o Presidente da Rep\u00fablica, sempre que este esp\u00edrito ecum\u00e9nico foi respeitado ao longo da hist\u00f3ria, &#8220;fez de Portugal grande&#8221;. &#8220;E quando n\u00e3o foi respeitado, fez de Portugal pequeno&#8221;, contrap\u00f4s, considerando que este esp\u00edrito est\u00e1 &#8220;ancorado na liberdade religiosa, inscrita na Constitui\u00e7\u00e3o&#8221;.<\/p>\n<p>        &#13;<\/p>\n<p>&#13;<br \/>\n                &#13;\n            <\/p>\n<p>&#13;<\/p>\n<p>Marcelo Rebelo de Sousa enfatizou a &#8220;heran\u00e7a isl\u00e2mica&#8221; em Portugal, que considerou ser &#8220;muito rica, fruto de uma presen\u00e7a \u00e1rabe de mais de quatro s\u00e9culos no territ\u00f3rio do que \u00e9 hoje Portugal&#8221;.<\/p>\n<p>&#8220;Uma heran\u00e7a que permanece at\u00e9 hoje na nossa cultura e na nossa l\u00edngua, com mais de dois mil voc\u00e1bulos origin\u00e1rios do \u00e1rabe. Uma heran\u00e7a gen\u00e9tica e ainda uma heran\u00e7a conceptual de teologia e ci\u00eancia, de harmonia e complementaridade entre ci\u00eancia e f\u00e9, com origem no preceito isl\u00e2mico&#8221;, apontou.<\/p>\n<p>O Presidente da Rep\u00fablica terminou a sua interven\u00e7\u00e3o com um cumprimento isl\u00e2mico, falando em <a href=\"https:\/\/www.publico.pt\/arabe\" rel=\"nofollow noopener\" target=\"_blank\">\u00e1rabe<\/a>, que depois repetiu em portugu\u00eas: &#8220;que a paz e a b\u00ean\u00e7\u00e3o de Deus estejam convosco&#8221;.<\/p>\n<p>&#8220;Desta Mesquita Central a Odivelas e \u00e0 Mouraria, de Palmela a Fam\u00f5es, a Coimbra e ao Porto, do Algarve \u00e0 Madeira e aos A\u00e7ores, sois todos, somos todos portugueses. Fazemos parte de Portugal e enriquecemos Portugal. Com altos e baixos como todas as hist\u00f3rias, mas sempre presente a vossa heran\u00e7a, e quando aparentemente desaparecida, reavivada ou renascida&#8221;, disse.<\/p>\n","protected":false},"excerpt":{"rendered":"O Presidente da Rep\u00fablica, Marcelo Rebelo de Sousa, destacou este s\u00e1bado a import\u00e2ncia da &#8220;heran\u00e7a isl\u00e2mica&#8221; em Portugal,&hellip;\n","protected":false},"author":2,"featured_media":153367,"comment_status":"","ping_status":"","sticky":false,"template":"","format":"standard","meta":{"footnotes":""},"categories":[10],"tags":[27,28,15,16,14,545,27287,25,26,21,22,588,30559,12,13,19,20,52,32,23,24,33,4516,17,18,29,30,31],"class_list":{"0":"post-153366","1":"post","2":"type-post","3":"status-publish","4":"format-standard","5":"has-post-thumbnail","7":"category-portugal","8":"tag-breaking-news","9":"tag-breakingnews","10":"tag-featured-news","11":"tag-featurednews","12":"tag-headlines","13":"tag-igreja-catolica","14":"tag-islao","15":"tag-latest-news","16":"tag-latestnews","17":"tag-main-news","18":"tag-mainnews","19":"tag-marcelo-rebelo-de-sousa","20":"tag-muculmanos","21":"tag-news","22":"tag-noticias","23":"tag-noticias-principais","24":"tag-noticiasprincipais","25":"tag-politica","26":"tag-portugal","27":"tag-principais-noticias","28":"tag-principaisnoticias","29":"tag-pt","30":"tag-religiao","31":"tag-top-stories","32":"tag-topstories","33":"tag-ultimas","34":"tag-ultimas-noticias","35":"tag-ultimasnoticias"},"share_on_mastodon":{"url":"https:\/\/pubeurope.com\/@pt\/115556753261243768","error":""},"_links":{"self":[{"href":"https:\/\/www.europesays.com\/pt\/wp-json\/wp\/v2\/posts\/153366","targetHints":{"allow":["GET"]}}],"collection":[{"href":"https:\/\/www.europesays.com\/pt\/wp-json\/wp\/v2\/posts"}],"about":[{"href":"https:\/\/www.europesays.com\/pt\/wp-json\/wp\/v2\/types\/post"}],"author":[{"embeddable":true,"href":"https:\/\/www.europesays.com\/pt\/wp-json\/wp\/v2\/users\/2"}],"replies":[{"embeddable":true,"href":"https:\/\/www.europesays.com\/pt\/wp-json\/wp\/v2\/comments?post=153366"}],"version-history":[{"count":0,"href":"https:\/\/www.europesays.com\/pt\/wp-json\/wp\/v2\/posts\/153366\/revisions"}],"wp:featuredmedia":[{"embeddable":true,"href":"https:\/\/www.europesays.com\/pt\/wp-json\/wp\/v2\/media\/153367"}],"wp:attachment":[{"href":"https:\/\/www.europesays.com\/pt\/wp-json\/wp\/v2\/media?parent=153366"}],"wp:term":[{"taxonomy":"category","embeddable":true,"href":"https:\/\/www.europesays.com\/pt\/wp-json\/wp\/v2\/categories?post=153366"},{"taxonomy":"post_tag","embeddable":true,"href":"https:\/\/www.europesays.com\/pt\/wp-json\/wp\/v2\/tags?post=153366"}],"curies":[{"name":"wp","href":"https:\/\/api.w.org\/{rel}","templated":true}]}}