{"id":153382,"date":"2025-11-16T01:41:18","date_gmt":"2025-11-16T01:41:18","guid":{"rendered":"https:\/\/www.europesays.com\/pt\/153382\/"},"modified":"2025-11-16T01:41:18","modified_gmt":"2025-11-16T01:41:18","slug":"nao-ouvimos-nada-sobre-esse-super-heroi-da-marvel-ha-quatro-anos-ele-estrelou-uma-das-melhores-series-mas-seu-status-em-vingadores-5-e-incerto-noticias-de-cinema","status":"publish","type":"post","link":"https:\/\/www.europesays.com\/pt\/153382\/","title":{"rendered":"N\u00e3o ouvimos nada sobre esse super-her\u00f3i da Marvel h\u00e1 quatro anos: Ele estrelou uma das melhores s\u00e9ries, mas seu status em Vingadores 5 \u00e9 incerto &#8211; Not\u00edcias de cinema"},"content":{"rendered":"<p>O ator que o interpreta falou sobre a situa\u00e7\u00e3o do personagem para o novo filme da equipe de super-her\u00f3is: &#8220;At\u00e9 que o matem, sempre estar\u00e1 trabalhando&#8221;.<\/p>\n<p class=\"bo-p\">A Marvel Studios diminuiu muito o ritmo com seu volume de projetos, mas no passado, quando fazer fic\u00e7\u00f5es para o <b>Disney+<\/b> era uma prioridade, conseguiu bons resultados. Poucos, sim, mas bons. Um dos projetos que se salva com honras \u00e9 <a href=\"https:\/\/www.adorocinema.com\/series\/serie-24391\/\" class=\"bo-link\" rel=\"nofollow noopener\" target=\"_blank\">Gavi\u00e3o Arqueiro<\/a> (2021), a fic\u00e7\u00e3o sobre Clint Barton que introduziu Kate Bishop no Universo Cinematogr\u00e1fico da Marvel. A s\u00e9rie, pela qual tamb\u00e9m passou Yelena Belova, foi a \u00faltima vez que vimos o arqueiro. Seu estado atual \u00e9 incerto e, agora que <a href=\"https:\/\/www.adorocinema.com\/filmes\/filme-269068\/\" class=\"bo-link\" rel=\"nofollow noopener\" target=\"_blank\">Vingadores: Doomsday<\/a> se aproxima, voltaremos a v\u00ea-lo no novo grande evento do MCU?<\/p>\n<p class=\"bo-p\"><a href=\"https:\/\/www.adorocinema.com\/personalidades\/personalidade-81160\/\" class=\"bo-link\" rel=\"nofollow noopener\" target=\"_blank\">Jeremy Renner<\/a>, o ator encarregado de dar vida a Clint Barton, falou sobre sua situa\u00e7\u00e3o com rela\u00e7\u00e3o a Vingadores 5. N\u00e3o confirmou sua apari\u00e7\u00e3o no filme, mas tamb\u00e9m n\u00e3o fecha a porta para isso. &#8220;Acho que come\u00e7ou aposentado&#8230; mas sempre saiu de sua aposentadoria&#8221;, conta ao CB. &#8220;Acho que \u00e9 um homem de fam\u00edlia, voc\u00ea sempre sabe a quem ele \u00e9 leal e sempre saiu de sua aposentadoria. At\u00e9 que o matem, sempre estar\u00e1 trabalhando&#8221;.<\/p>\n<p>Um elenco gigantesco<\/p>\n<p>                                <img loading=\"lazy\" decoding=\"async\" class=\"article-figure-img\" src=\"https:\/\/www.europesays.com\/pt\/wp-content\/uploads\/2025\/11\/c1ee1fc13eb822fd06505b8598e1c02d.jpg\" width=\"640\" height=\"320\" alt=\"\"\/><\/p>\n<p>                                    Marvel Studios<\/p>\n<p class=\"bo-p\">Foi no m\u00eas de mar\u00e7o passado quando a Marvel Studios confirmou, atrav\u00e9s de um v\u00eddeo, o elenco de Vingadores: Doomsday. \u00c9 claro que n\u00e3o revelaram todas as surpresas do filme. Da fic\u00e7\u00e3o de Gavi\u00e3o Arqueiro, apenas est\u00e1 confirmado o retorno de <a href=\"https:\/\/www.adorocinema.com\/personalidades\/personalidade-705743\/\" class=\"bo-link\" rel=\"nofollow noopener\" target=\"_blank\">Florence Pugh<\/a>, que d\u00e1 vida a Yelena Belova\/Vi\u00fava Negra. Mas isso n\u00e3o impede que Renner ou <a href=\"https:\/\/www.adorocinema.com\/personalidades\/personalidade-423203\/\" class=\"bo-link\" rel=\"nofollow noopener\" target=\"_blank\">Hailee Steinfeld<\/a>, a encarregada de interpretar Kate Bishop, possam aparecer no filme.<\/p>\n<p class=\"bo-p\">Gavi\u00e3o Arqueiro \u00e9, da primeira leva de s\u00e9ries do Disney+, uma das melhores do MCU. Uma fic\u00e7\u00e3o divertida e com uma protagonista, Kate Bishop, cheia de carisma. O projeto, al\u00e9m disso, conta com momentos em que a arqueira e Yelena compartilham cena e fica claro que \u00e9 uma combina\u00e7\u00e3o muito promissora que o est\u00fadio deveria explorar no futuro.<\/p>\n<p>O novo grande evento da Marvel<\/p>\n<p>                                <img loading=\"lazy\" decoding=\"async\" class=\"article-figure-img\" src=\"https:\/\/www.europesays.com\/pt\/wp-content\/uploads\/2025\/11\/c11bcfd22c780f37034ddb56c335080c.jpg\" width=\"640\" height=\"320\" alt=\"\"\/><\/p>\n<p>                                    Marvel Studios<\/p>\n<p class=\"bo-p\">Vingadores: Doomsday contar\u00e1 novamente com os irm\u00e3os <a href=\"https:\/\/www.adorocinema.com\/personalidades\/personalidade-71968\/\" class=\"bo-link\" rel=\"nofollow noopener\" target=\"_blank\">Joe<\/a> e <a href=\"https:\/\/www.adorocinema.com\/personalidades\/personalidade-71967\/\" class=\"bo-link\" rel=\"nofollow noopener\" target=\"_blank\">Anthony Russo<\/a> por tr\u00e1s das c\u00e2meras. Os cineastas levaram ao cinema <a href=\"https:\/\/www.adorocinema.com\/filmes\/filme-193113\/\" class=\"bo-link\" rel=\"nofollow noopener\" target=\"_blank\">Capit\u00e3o Am\u00e9rica: O Soldado Invernal<\/a> (2014), <a href=\"https:\/\/www.adorocinema.com\/filmes\/filme-215143\/\" class=\"bo-link\" rel=\"nofollow noopener\" target=\"_blank\">Capit\u00e3o Am\u00e9rica: Guerra Civil<\/a> (2016), <a href=\"https:\/\/www.adorocinema.com\/filmes\/filme-218265\/\" class=\"bo-link\" rel=\"nofollow noopener\" target=\"_blank\">Vingadores: Guerra Infinita<\/a> (2018) e <a href=\"https:\/\/www.adorocinema.com\/filmes\/filme-232669\/\" class=\"bo-link\" rel=\"nofollow noopener\" target=\"_blank\">Vingadores: Ultimato<\/a> (2019). Ent\u00e3o t\u00eam experi\u00eancia de sobra em filmes da Marvel com elencos gigantescos. Outro dos pontos fortes de Vingadores 5 \u00e9 o retorno de <a href=\"https:\/\/www.adorocinema.com\/personalidades\/personalidade-10976\/\" class=\"bo-link\" rel=\"nofollow noopener\" target=\"_blank\">Robert Downey Jr.<\/a> O ator, que deu vida a Tony Stark\/Homem de Ferro durante uma d\u00e9cada, volta agora para interpretar o Doutor Destino.<\/p>\n<p class=\"bo-p\">A Vingadores 5, que estreia nos cinemas em dezembro de 2026, seguir\u00e1 a sequ\u00eancia <a href=\"https:\/\/www.adorocinema.com\/filmes\/filme-295478\/\" class=\"bo-link\" rel=\"nofollow noopener\" target=\"_blank\">Vingadores: Guerras Secretas<\/a>, tamb\u00e9m com os Russo como diretores. O filme, que chega aos cinemas em dezembro de 2027, se encarregar\u00e1 de reiniciar o MCU.<\/p>\n","protected":false},"excerpt":{"rendered":"O ator que o interpreta falou sobre a situa\u00e7\u00e3o do personagem para o novo filme da equipe de&hellip;\n","protected":false},"author":2,"featured_media":153383,"comment_status":"","ping_status":"","sticky":false,"template":"","format":"standard","meta":{"footnotes":""},"categories":[140],"tags":[114,115,147,148,146,32,33],"class_list":{"0":"post-153382","1":"post","2":"type-post","3":"status-publish","4":"format-standard","5":"has-post-thumbnail","7":"category-filmes","8":"tag-entertainment","9":"tag-entretenimento","10":"tag-film","11":"tag-filmes","12":"tag-movies","13":"tag-portugal","14":"tag-pt"},"share_on_mastodon":{"url":"https:\/\/pubeurope.com\/@pt\/115556836129027860","error":""},"_links":{"self":[{"href":"https:\/\/www.europesays.com\/pt\/wp-json\/wp\/v2\/posts\/153382","targetHints":{"allow":["GET"]}}],"collection":[{"href":"https:\/\/www.europesays.com\/pt\/wp-json\/wp\/v2\/posts"}],"about":[{"href":"https:\/\/www.europesays.com\/pt\/wp-json\/wp\/v2\/types\/post"}],"author":[{"embeddable":true,"href":"https:\/\/www.europesays.com\/pt\/wp-json\/wp\/v2\/users\/2"}],"replies":[{"embeddable":true,"href":"https:\/\/www.europesays.com\/pt\/wp-json\/wp\/v2\/comments?post=153382"}],"version-history":[{"count":0,"href":"https:\/\/www.europesays.com\/pt\/wp-json\/wp\/v2\/posts\/153382\/revisions"}],"wp:featuredmedia":[{"embeddable":true,"href":"https:\/\/www.europesays.com\/pt\/wp-json\/wp\/v2\/media\/153383"}],"wp:attachment":[{"href":"https:\/\/www.europesays.com\/pt\/wp-json\/wp\/v2\/media?parent=153382"}],"wp:term":[{"taxonomy":"category","embeddable":true,"href":"https:\/\/www.europesays.com\/pt\/wp-json\/wp\/v2\/categories?post=153382"},{"taxonomy":"post_tag","embeddable":true,"href":"https:\/\/www.europesays.com\/pt\/wp-json\/wp\/v2\/tags?post=153382"}],"curies":[{"name":"wp","href":"https:\/\/api.w.org\/{rel}","templated":true}]}}