{"id":153384,"date":"2025-11-16T01:42:25","date_gmt":"2025-11-16T01:42:25","guid":{"rendered":"https:\/\/www.europesays.com\/pt\/153384\/"},"modified":"2025-11-16T01:42:25","modified_gmt":"2025-11-16T01:42:25","slug":"se-eu-fosse-presidente-da-federacao-o-roberto-martinez-nunca-tinha-sido-escolhido-para-ser-o-selecionador","status":"publish","type":"post","link":"https:\/\/www.europesays.com\/pt\/153384\/","title":{"rendered":"\u00abSe eu fosse presidente da Federa\u00e7\u00e3o, o Roberto Mart\u00ednez nunca tinha sido escolhido para ser o selecionador\u00bb"},"content":{"rendered":"<p>&#8211; Advertisement &#8211;<\/p>\n<p><strong>Gilberto Mada\u00edl foi presidente da Federa\u00e7\u00e3o Portuguesa de Futebol durante 15 anos e deixou cr\u00edticas \u00e0 sele\u00e7\u00e3o nacional.<\/strong><\/p>\n<p>Gilberto Mada\u00edl deixou cr\u00edticas ao momento da sele\u00e7\u00e3o nacional, ap\u00f3s a derrota frente \u00e0 Irlanda. O antigo l\u00edder da Federa\u00e7\u00e3o Portuguesa de Futebol admitiu que n\u00e3o contrataria Roberto Mart\u00ednez para o posto de selecionador, referindo que espera que Cristiano Ronaldo esteja no Drag\u00e3o na partida contra a Arm\u00e9nia:<\/p>\n<p>\u00abUma equipa que foi apenas uma fotografia daquilo que \u00e9 a Sele\u00e7\u00e3o Nacional. Se eu fosse presidente da Federa\u00e7\u00e3o, o Roberto Mart\u00ednez nunca tinha sido escolhido para ser o selecionador. Mas isso s\u00e3o \u00e1guas passadas, que j\u00e1 n\u00e3o interessa. Tenho a esperan\u00e7a que o Drag\u00e3o nos ajude a conseguir os objetivos. Para isso \u00e9 preciso que todos os elementos estejam presentes, inclu\u00eddo o capit\u00e3o, Cristiano Ronaldo. N\u00e3o faz sentido n\u00e3o estar presente. Naturalmente vi o jogo e acho que a vit\u00f3ria da Irlanda foi plenamente merecida, face a uma equipa que foi apenas uma fotografia daquilo que \u00e9 a Sele\u00e7\u00e3o Nacional. Espero que tenha sido apenas uma fase, um jogo\u2026 que todos t\u00eam. E que possam dar a volta e agora passem do negativo ao positivo\u00bb, declarou \u00e0 Antena 1.<\/p>\n<p>O dirigente liderou a FPF entre 1996 e 2011. Recordar que Cristiano Ronaldo <a href=\"https:\/\/bolanarede.pt\/especial-bola-na-rede\/atualidade\/cristiano-ronaldo-dispensado-dos-trabalhos-de-portugal-apos-a-expulsao-com-a-irlanda\/\" target=\"_blank\" rel=\"noreferrer noopener nofollow\">foi dispensado dos trabalhos da sele\u00e7\u00e3o portuguesa depois de ter sido expulso contra a Irlanda<\/a>.<\/p>\n","protected":false},"excerpt":{"rendered":"&#8211; Advertisement &#8211; Gilberto Mada\u00edl foi presidente da Federa\u00e7\u00e3o Portuguesa de Futebol durante 15 anos e deixou cr\u00edticas&hellip;\n","protected":false},"author":2,"featured_media":153385,"comment_status":"","ping_status":"","sticky":false,"template":"","format":"standard","meta":{"footnotes":""},"categories":[87],"tags":[260,667,135,33083,12632,32,33,12996,134],"class_list":{"0":"post-153384","1":"post","2":"type-post","3":"status-publish","4":"format-standard","5":"has-post-thumbnail","7":"category-desporto","8":"tag-atualidade","9":"tag-cristiano-ronaldo","10":"tag-desporto","11":"tag-gilberto-madail","12":"tag-mundial-2026","13":"tag-portugal","14":"tag-pt","15":"tag-roberto-martinez","16":"tag-sports"},"share_on_mastodon":{"url":"https:\/\/pubeurope.com\/@pt\/115556839801878469","error":""},"_links":{"self":[{"href":"https:\/\/www.europesays.com\/pt\/wp-json\/wp\/v2\/posts\/153384","targetHints":{"allow":["GET"]}}],"collection":[{"href":"https:\/\/www.europesays.com\/pt\/wp-json\/wp\/v2\/posts"}],"about":[{"href":"https:\/\/www.europesays.com\/pt\/wp-json\/wp\/v2\/types\/post"}],"author":[{"embeddable":true,"href":"https:\/\/www.europesays.com\/pt\/wp-json\/wp\/v2\/users\/2"}],"replies":[{"embeddable":true,"href":"https:\/\/www.europesays.com\/pt\/wp-json\/wp\/v2\/comments?post=153384"}],"version-history":[{"count":0,"href":"https:\/\/www.europesays.com\/pt\/wp-json\/wp\/v2\/posts\/153384\/revisions"}],"wp:featuredmedia":[{"embeddable":true,"href":"https:\/\/www.europesays.com\/pt\/wp-json\/wp\/v2\/media\/153385"}],"wp:attachment":[{"href":"https:\/\/www.europesays.com\/pt\/wp-json\/wp\/v2\/media?parent=153384"}],"wp:term":[{"taxonomy":"category","embeddable":true,"href":"https:\/\/www.europesays.com\/pt\/wp-json\/wp\/v2\/categories?post=153384"},{"taxonomy":"post_tag","embeddable":true,"href":"https:\/\/www.europesays.com\/pt\/wp-json\/wp\/v2\/tags?post=153384"}],"curies":[{"name":"wp","href":"https:\/\/api.w.org\/{rel}","templated":true}]}}