{"id":153389,"date":"2025-11-16T01:55:18","date_gmt":"2025-11-16T01:55:18","guid":{"rendered":"https:\/\/www.europesays.com\/pt\/153389\/"},"modified":"2025-11-16T01:55:18","modified_gmt":"2025-11-16T01:55:18","slug":"incluindo-arte-feita-por-brasileiro-filme-super-mario-galaxy-ganha-trailer","status":"publish","type":"post","link":"https:\/\/www.europesays.com\/pt\/153389\/","title":{"rendered":"Incluindo arte feita por brasileiro, filme \u2018Super Mario Galaxy\u2019 ganha trailer"},"content":{"rendered":"<p>Foi lan\u00e7ado o trailer da aguardada sequ\u00eancia de Super Mario Bros. \u2013 O Filme (2023), que vai levar o t\u00edtulo de <strong>Super Mario Galaxy \u2013 O Filme<\/strong> \u2014 remetendo ao t\u00edtulo do jogo de 2007, original do Nintendo Wii (e que m\u00eas passado ganhou uma vers\u00e3o para o Switch).<\/p>\n<p>Ainda que use o nome de \u2018Galaxy\u2019, que ser\u00e1 a premissa principal, o filme deve contar tamb\u00e9m com refer\u00eancias de outros jogos do bigodudo, como Super Mario Odyssey, Super Mario Sunshine e Super Mario World (nome que aparentemente foi considerado para essa sequ\u00eancia, vazando <a href=\"https:\/\/www.jbox.com.br\/2025\/05\/14\/super-mario-world-pode-ser-o-titulo-do-proximo-filme-do-mario\/\" rel=\"nofollow noopener\" target=\"_blank\"><strong>l\u00e1 em maio<\/strong><\/a>).<\/p>\n<p>Confira abaixo o trailer dublado:<\/p>\n<p>\u00a0<\/p>\n<p>Ou se preferir, a vers\u00e3o em ingl\u00eas \u2014 que revela a atriz <strong>Brie Larson<\/strong> (a Capit\u00e3 Marvel) no papel de Rosalina, e<strong> Benny Safdie<\/strong> como Bowser Jr.:<\/p>\n<p>\u00a0<\/p>\n<p><strong>Artista brasileiro teve participa\u00e7\u00e3o<\/strong><\/p>\n<p>Em uma cena do trailer, Bowser exibe para os irm\u00e3os Mario e Luigi uma pintura feita do pr\u00f3prio punho. A arte foi produzida pelo ilustrador brasileiro<strong> Renan Porto<\/strong>, que hoje mora na Fran\u00e7a e presta servi\u00e7o ao est\u00fadio Illumination.<\/p>\n<p>Por meio de seu <a href=\"https:\/\/x.com\/rskizzen\/status\/1988622545575104793\" target=\"_blank\" rel=\"noopener nofollow\"><strong>perfil pessoal no X<\/strong><\/a>, Renan celebrou o momento:<\/p>\n<p><img decoding=\"async\" loading=\"lazy\" src=\"data:image\/gif;base64,R0lGODlhAQABAIAAAP\/\/\/\/\/\/\/yH5BAEKAAEALAAAAAABAAEAAAICTAEAOw==\" class=\"size-full wp-image-199601\"   alt=\"imagem: tweet de Renan Porto\" width=\"731\" height=\"725\"\/><\/p>\n<p id=\"caption-attachment-199601\" class=\"wp-caption-text\">Imagem: Reprodu\u00e7\u00e3o\/X<\/p>\n<blockquote>\n<p>\u00c9 Brasiiiil \ud83c\udde7\ud83c\uddf7\ud83c\udde7\ud83c\uddf7\ud83c\udde7\ud83c\uddf7<br data-start=\"52\" data-end=\"55\"\/>Nem nos meus sonhos mais malucos eu imaginei que um dia faria uma pintura do Bowser gostos\u00e3o para um material oficial, anunciado pelo Miyamoto em pessoa. \ud83d\ude2d Eu ri tanto de descren\u00e7a enquanto pintava, vcs nao tem ideia kkkk<\/p>\n<\/blockquote>\n<p>Super Mario Galaxy \u2013 O Filme traz de volta a dupla de diretores <strong>Aaron Horvath<\/strong> e <strong>Michael Jelenic<\/strong>, assim como o roteirista<strong> Matthew Fogel<\/strong>. A estreia nos cinemas est\u00e1 prevista para <strong>abril de 2026<\/strong>.<\/p>\n<p>O longa anterior pode ser assistido atualmente via streaming na Netflix (onde est\u00e1 previsto para deixar o cat\u00e1logo m\u00eas que vem) e na Prime Video.<\/p>\n<p>\u00a0<\/p>\n<p><strong>Veja tamb\u00e9m:<\/strong><strong><a href=\"https:\/\/www.jbox.com.br\/2023\/04\/04\/critica-super-mario-bros-o-filme-mostra-que-e-possivel-levar-jogos-as-telonas\/\" rel=\"nofollow noopener\" target=\"_blank\">\u21d2\u00a0Cr\u00edtica | \u2018Super Mario Bros. \u2014 O Filme\u2019 mostra que \u00e9 poss\u00edvel levar jogos \u00e0s telonas<\/a><\/strong><\/p>\n<p><strong>Fonte: <a href=\"https:\/\/www.youtube.com\/watch?v=GuCejewteF8\" target=\"_blank\" rel=\"noopener nofollow\">YouTube<\/a><\/strong>, <a href=\"https:\/\/x.com\/rskizzen\/status\/1988622545575104793\" target=\"_blank\" rel=\"noopener nofollow\"><strong>Renan Porto (X)<\/strong><\/a><\/p>\n<p>Siga e acompanhe as not\u00edcias do JBox tamb\u00e9m pelo<a href=\"https:\/\/news.google.com\/publications\/CAAqBwgKMNi2oQsw8MC5Aw?ceid=BR:pt-419&amp;oc=3\" rel=\"nofollow noopener\" target=\"_blank\"><strong>\u00a0Google News<\/strong><\/a>\u00a0e em nosso\u00a0<a href=\"https:\/\/l.jbox.com.br\/telegram\" rel=\"nofollow noopener\" target=\"_blank\"><strong>grupo no Telegram<\/strong><\/a>.<\/p>\n","protected":false},"excerpt":{"rendered":"Foi lan\u00e7ado o trailer da aguardada sequ\u00eancia de Super Mario Bros. \u2013 O Filme (2023), que vai levar&hellip;\n","protected":false},"author":2,"featured_media":153390,"comment_status":"","ping_status":"","sticky":false,"template":"","format":"standard","meta":{"footnotes":""},"categories":[140],"tags":[114,115,147,148,146,32,33],"class_list":{"0":"post-153389","1":"post","2":"type-post","3":"status-publish","4":"format-standard","5":"has-post-thumbnail","7":"category-filmes","8":"tag-entertainment","9":"tag-entretenimento","10":"tag-film","11":"tag-filmes","12":"tag-movies","13":"tag-portugal","14":"tag-pt"},"share_on_mastodon":{"url":"https:\/\/pubeurope.com\/@pt\/115556890916661661","error":""},"_links":{"self":[{"href":"https:\/\/www.europesays.com\/pt\/wp-json\/wp\/v2\/posts\/153389","targetHints":{"allow":["GET"]}}],"collection":[{"href":"https:\/\/www.europesays.com\/pt\/wp-json\/wp\/v2\/posts"}],"about":[{"href":"https:\/\/www.europesays.com\/pt\/wp-json\/wp\/v2\/types\/post"}],"author":[{"embeddable":true,"href":"https:\/\/www.europesays.com\/pt\/wp-json\/wp\/v2\/users\/2"}],"replies":[{"embeddable":true,"href":"https:\/\/www.europesays.com\/pt\/wp-json\/wp\/v2\/comments?post=153389"}],"version-history":[{"count":0,"href":"https:\/\/www.europesays.com\/pt\/wp-json\/wp\/v2\/posts\/153389\/revisions"}],"wp:featuredmedia":[{"embeddable":true,"href":"https:\/\/www.europesays.com\/pt\/wp-json\/wp\/v2\/media\/153390"}],"wp:attachment":[{"href":"https:\/\/www.europesays.com\/pt\/wp-json\/wp\/v2\/media?parent=153389"}],"wp:term":[{"taxonomy":"category","embeddable":true,"href":"https:\/\/www.europesays.com\/pt\/wp-json\/wp\/v2\/categories?post=153389"},{"taxonomy":"post_tag","embeddable":true,"href":"https:\/\/www.europesays.com\/pt\/wp-json\/wp\/v2\/tags?post=153389"}],"curies":[{"name":"wp","href":"https:\/\/api.w.org\/{rel}","templated":true}]}}