{"id":153393,"date":"2025-11-16T02:04:11","date_gmt":"2025-11-16T02:04:11","guid":{"rendered":"https:\/\/www.europesays.com\/pt\/153393\/"},"modified":"2025-11-16T02:04:11","modified_gmt":"2025-11-16T02:04:11","slug":"despertador-saory-cardoso-volta-a-acordar-rayane-figliuzzi-durante-a-tarde-acorda-golpistinha-record","status":"publish","type":"post","link":"https:\/\/www.europesays.com\/pt\/153393\/","title":{"rendered":"Despertador! Saory Cardoso volta a acordar Rayane Figliuzzi durante a tarde: \u2018Acorda golpistinha\u2019 \u2013 Record"},"content":{"rendered":"<p><img decoding=\"async\" data-chromatic=\"ignore\" alt=\"\" class=\"c-image\" loading=\"lazy\" src=\"https:\/\/www.europesays.com\/pt\/wp-content\/uploads\/2025\/11\/5KEVNAIA2BFVJJGJ5YX627JGPE.png\"  width=\"677\" height=\"339\"\/>Saory e Rayane voltam a se desentender nesta tarde Reprodu\u00e7\u00e3o\/RecordPlus <\/p>\n<p class=\"jarvics:base-text-neutral-high-400 base-text-[calc(theme(fontSize.xs)_*_var(--font-size,_1))] base-font-normal base-font-primary base-text-neutral-low-500 base-text-left\">A treta n\u00e3o dorme em <a href=\"https:\/\/record.r7.com\/a-fazenda\/a-fazenda-17\/\" rel=\"nofollow noopener\" title=\"https:\/\/record.r7.com\/a-fazenda\/a-fazenda-17\/\" target=\"_blank\"><b>A Fazenda 17<\/b><\/a>! Ap\u00f3s o bate-boca na manh\u00e3 deste s\u00e1bado (15), <a href=\"https:\/\/record.r7.com\/a-fazenda\/a-fazenda-17\/peoes\/saory-cardoso\" target=\"_blank\" rel=\"noreferrer nofollow noopener\" title=\"https:\/\/record.r7.com\/a-fazenda\/a-fazenda-17\/peoes\/saory-cardoso\"><b>Saory Cardoso<\/b><\/a> e <a href=\"https:\/\/record.r7.com\/a-fazenda\/a-fazenda-17\/peoes\/rayane-figliuzzi\" target=\"_blank\" rel=\"noreferrer nofollow noopener\" title=\"https:\/\/record.r7.com\/a-fazenda\/a-fazenda-17\/peoes\/rayane-figliuzzi\"><b>Rayane Figliuzzi<\/b><\/a> voltaram a se estranhar. A Fazendeira viu a peoa dormindo e foi acord\u00e1-la batendo palmas: \u201cDorme n\u00e3o! A sua vida t\u00e1 muito mansa\u201d.<\/p>\n<ul class=\"b-article-body__list-unordered\">\n<li><b>Quer ficar por dentro de tudo que est\u00e1 acontecendo em\u00a0<\/b><b>A Fazenda 17<\/b><b>?\u00a0<\/b><a href=\"https:\/\/www.whatsapp.com\/channel\/0029Va2cJIR1noz2ahzX0D1N\" target=\"_blank\" rel=\"noreferrer nofollow noopener\" title=\"https:\/\/www.whatsapp.com\/channel\/0029Va2cJIR1noz2ahzX0D1N\"><b>Clique aqui<\/b><\/a><b>\u00a0e fa\u00e7a parte do nosso canal no WhatsApp!<\/b><\/li>\n<\/ul>\n<p class=\"jarvics:base-text-neutral-high-400 base-text-[calc(theme(fontSize.xs)_*_var(--font-size,_1))] base-font-normal base-font-primary base-text-neutral-low-500 base-text-left\">Ao lado da cama de Ray, a dentista bateu palmas at\u00e9 ver a rival acordar. \u201cDorme n\u00e3o que amanh\u00e3 tem vaca e b\u00fafalo. Pode acordar, vai dormir 24 horas?\u201d, debochou a peoa. No in\u00edcio do dia as peoas entraram em <a href=\"https:\/\/record.r7.com\/a-fazenda\/a-fazenda-17\/novidades\/rayane-figliuzzi-provoca-punicao-por-nao-cuidar-dos-bufalos-e-revolta-peoes-cade-o-atestado-15112025\/\" target=\"_blank\" rel=\"noreferrer nofollow noopener\" title=\"https:\/\/record.r7.com\/a-fazenda\/a-fazenda-17\/novidades\/rayane-figliuzzi-provoca-punicao-por-nao-cuidar-dos-bufalos-e-revolta-peoes-cade-o-atestado-15112025\/\"><b>rota de colis\u00e3o por conta de puni\u00e7\u00e3o sofrida<\/b><\/a>. <\/p>\n<p class=\"jarvics:base-text-neutral-high-400 base-text-[calc(theme(fontSize.xs)_*_var(--font-size,_1))] base-font-normal base-font-primary base-text-neutral-low-500 base-text-left\">A influenciadora acordou e o clima esquentou no quarto da sede. Ap\u00f3s ser chamada de \u201cgolpistinha\u201d, Ray retrucou: \u201cAmanh\u00e3 a golpistinha vai ficar dormindo e voc\u00ea \u00e9 quem vai fazer o trato para mim, t\u00e1 bom?\u201d.<\/p>\n<p><b>Veja o momento:<\/b><\/p>\n<p class=\"jarvics:base-text-neutral-high-400 base-text-[calc(theme(fontSize.xs)_*_var(--font-size,_1))] base-font-normal base-font-primary base-text-neutral-low-500 base-text-left\">Ainda sobre o trato dos animais, Saory relembrou que, durante o per\u00edodo em que Ray foi Fazendeira, nunca recebeu ajuda da peoa. Ray rebateu dizendo que a falta de apoio aconteceu por causa da postura da rival: \u201cVoc\u00ea n\u00e3o deixava eu te ensinar. No primeiro dia quem te ensinou foi o <a href=\"https:\/\/record.r7.com\/a-fazenda\/a-fazenda-17\/peoes\/creo-kellab\" target=\"_blank\" rel=\"noreferrer nofollow noopener\" title=\"https:\/\/record.r7.com\/a-fazenda\/a-fazenda-17\/peoes\/creo-kellab\"><b>Cr\u00e9o<\/b><\/a>, porque voc\u00ea \u00e9 esnobe, voc\u00ea \u00e9 nojenta!\u201d.<\/p>\n<p class=\"jarvics:base-text-neutral-high-400 base-text-[calc(theme(fontSize.xs)_*_var(--font-size,_1))] base-font-normal base-font-primary base-text-neutral-low-500 base-text-left\">Ser\u00e1 que essa hist\u00f3ria do trato com os b\u00fafalos vai continuar rendendo discuss\u00f5es na sede?<\/p>\n<p class=\"jarvics:base-text-neutral-high-400 base-text-[calc(theme(fontSize.xs)_*_var(--font-size,_1))] base-font-normal base-font-primary base-text-neutral-low-500 base-text-left\">Fique ligado! <a href=\"https:\/\/record.r7.com\/a-fazenda\/a-fazenda-17\/\" rel=\"nofollow noopener\" title=\"https:\/\/record.r7.com\/a-fazenda\/a-fazenda-17\/\" target=\"_blank\"><b>A Fazenda 17<\/b><\/a> vai ao ar de segunda a domingo, \u00e0s 22h30, na tela da <a href=\"https:\/\/record.r7.com\/\" rel=\"nofollow noopener\" target=\"_blank\"><b>RECORD<\/b><\/a>. Assine o <a href=\"https:\/\/www.recordplus.com\/home\" rel=\"nofollow noopener\" title=\"https:\/\/www.recordplus.com\/home\" target=\"_blank\"><b>RecordPlus<\/b><\/a> e tenha acesso \u00e0s c\u00e2meras 24 horas.<\/p>\n<p><b>Romance e alfinetadas: veja tudo o que rolou na Festa Bilhar de A Fazenda 17<\/b><\/p>\n<p class=\"jarvics:base-text-neutral-high-400 base-text-[calc(theme(fontSize.xxs)_*_var(--font-size,_1))] base-font-semibold base-font-primary base-text-neutral-low-500 base-text-left\">Ap\u00f3s todo o fogo no feno que vivem durante a semana, os pe\u00f5es de A Fazenda 17 esperam ansiosamente pela balada rural. Na sexta (14), a Festa Sinuca dominou Itapecerica das Chamas ao som de Bruninho e Davi. Embalada pelo sertanejo, a noite foi cheia de divers\u00e3o, coreografias, romance e clima de paz<\/p>\n<p class=\"jarvics:base-text-neutral-high-400 base-text-[calc(theme(fontSize.little)_*_var(--font-size,_1))] base-font-normal base-font-primary base-text-neutral-low-500 base-text-left\">Reprodu\u00e7\u00e3o\/RecordPlus<\/p>\n","protected":false},"excerpt":{"rendered":"Saory e Rayane voltam a se desentender nesta tarde Reprodu\u00e7\u00e3o\/RecordPlus A treta n\u00e3o dorme em A Fazenda 17!&hellip;\n","protected":false},"author":2,"featured_media":153394,"comment_status":"","ping_status":"","sticky":false,"template":"","format":"standard","meta":{"footnotes":""},"categories":[145],"tags":[657,211,210,114,115,32,33,15359,21259],"class_list":{"0":"post-153393","1":"post","2":"type-post","3":"status-publish","4":"format-standard","5":"has-post-thumbnail","7":"category-celebridades","8":"tag-a-fazenda","9":"tag-celebridades","10":"tag-celebrities","11":"tag-entertainment","12":"tag-entretenimento","13":"tag-portugal","14":"tag-pt","15":"tag-rayane-figliuzzi","16":"tag-saory-cardoso"},"share_on_mastodon":{"url":"https:\/\/pubeurope.com\/@pt\/115556926583674656","error":""},"_links":{"self":[{"href":"https:\/\/www.europesays.com\/pt\/wp-json\/wp\/v2\/posts\/153393","targetHints":{"allow":["GET"]}}],"collection":[{"href":"https:\/\/www.europesays.com\/pt\/wp-json\/wp\/v2\/posts"}],"about":[{"href":"https:\/\/www.europesays.com\/pt\/wp-json\/wp\/v2\/types\/post"}],"author":[{"embeddable":true,"href":"https:\/\/www.europesays.com\/pt\/wp-json\/wp\/v2\/users\/2"}],"replies":[{"embeddable":true,"href":"https:\/\/www.europesays.com\/pt\/wp-json\/wp\/v2\/comments?post=153393"}],"version-history":[{"count":0,"href":"https:\/\/www.europesays.com\/pt\/wp-json\/wp\/v2\/posts\/153393\/revisions"}],"wp:featuredmedia":[{"embeddable":true,"href":"https:\/\/www.europesays.com\/pt\/wp-json\/wp\/v2\/media\/153394"}],"wp:attachment":[{"href":"https:\/\/www.europesays.com\/pt\/wp-json\/wp\/v2\/media?parent=153393"}],"wp:term":[{"taxonomy":"category","embeddable":true,"href":"https:\/\/www.europesays.com\/pt\/wp-json\/wp\/v2\/categories?post=153393"},{"taxonomy":"post_tag","embeddable":true,"href":"https:\/\/www.europesays.com\/pt\/wp-json\/wp\/v2\/tags?post=153393"}],"curies":[{"name":"wp","href":"https:\/\/api.w.org\/{rel}","templated":true}]}}