{"id":153397,"date":"2025-11-16T02:10:20","date_gmt":"2025-11-16T02:10:20","guid":{"rendered":"https:\/\/www.europesays.com\/pt\/153397\/"},"modified":"2025-11-16T02:10:20","modified_gmt":"2025-11-16T02:10:20","slug":"incidentes-apos-benfica-casa-pia-mario-branco-suspenso-por-20-dias","status":"publish","type":"post","link":"https:\/\/www.europesays.com\/pt\/153397\/","title":{"rendered":"Incidentes ap\u00f3s Benfica-Casa Pia. M\u00e1rio Branco suspenso por 20 dias"},"content":{"rendered":"<p>                A suspens\u00e3o, que \u00e9 provis\u00f3ria e faz parte de um processo disciplinar urgente que lhe foi aberto, resulta de cr\u00edticas contundentes e insultos proferidos \u00e0 equipa de arbitragem do jogo entre o Benfica e o Casa Pia. <\/p>\n<p>De acordo com alguns relatos, M\u00e1rio Branco dirigiu-se ao \u00e1rbitro Gustavo Correia no t\u00fanel de acesso aos balne\u00e1rios. O teor exato das suas palavras, que inclu\u00edram insultos e amea\u00e7as, consta no relat\u00f3rio do \u00e1rbitro e motivou esta a\u00e7\u00e3o por parte do Conselho de Disciplina (CD) da Federa\u00e7\u00e3o Portuguesa de Futebol (FPF). <\/p>\n<p>Para al\u00e9m da suspens\u00e3o, o Benfica foi alvo de multas pesadas relacionadas com os incidentes do mesmo jogo. Esta suspens\u00e3o \u00e9 uma medida preventiva enquanto o processo disciplinar segue os seus tr\u00e2mites, podendo o castigo ser agravado no final da investiga\u00e7\u00e3o.<br \/>&#13;\n<\/p>\n<p>          <img decoding=\"async\" itemprop=\"image\" class=\"img-fluid\"   src=\"https:\/\/www.europesays.com\/pt\/wp-content\/uploads\/2025\/11\/ceccbf2b70311510c6d4cb4db09f823f_N.jpg\"\/><\/p>\n","protected":false},"excerpt":{"rendered":"A suspens\u00e3o, que \u00e9 provis\u00f3ria e faz parte de um processo disciplinar urgente que lhe foi aberto, resulta&hellip;\n","protected":false},"author":2,"featured_media":153398,"comment_status":"","ping_status":"","sticky":false,"template":"","format":"standard","meta":{"footnotes":""},"categories":[87],"tags":[135,13,32,33,420,421,134],"class_list":{"0":"post-153397","1":"post","2":"type-post","3":"status-publish","4":"format-standard","5":"has-post-thumbnail","7":"category-desporto","8":"tag-desporto","9":"tag-noticias","10":"tag-portugal","11":"tag-pt","12":"tag-rtp","13":"tag-rtp-noticias","14":"tag-sports"},"share_on_mastodon":{"url":"https:\/\/pubeurope.com\/@pt\/115556950123358074","error":""},"_links":{"self":[{"href":"https:\/\/www.europesays.com\/pt\/wp-json\/wp\/v2\/posts\/153397","targetHints":{"allow":["GET"]}}],"collection":[{"href":"https:\/\/www.europesays.com\/pt\/wp-json\/wp\/v2\/posts"}],"about":[{"href":"https:\/\/www.europesays.com\/pt\/wp-json\/wp\/v2\/types\/post"}],"author":[{"embeddable":true,"href":"https:\/\/www.europesays.com\/pt\/wp-json\/wp\/v2\/users\/2"}],"replies":[{"embeddable":true,"href":"https:\/\/www.europesays.com\/pt\/wp-json\/wp\/v2\/comments?post=153397"}],"version-history":[{"count":0,"href":"https:\/\/www.europesays.com\/pt\/wp-json\/wp\/v2\/posts\/153397\/revisions"}],"wp:featuredmedia":[{"embeddable":true,"href":"https:\/\/www.europesays.com\/pt\/wp-json\/wp\/v2\/media\/153398"}],"wp:attachment":[{"href":"https:\/\/www.europesays.com\/pt\/wp-json\/wp\/v2\/media?parent=153397"}],"wp:term":[{"taxonomy":"category","embeddable":true,"href":"https:\/\/www.europesays.com\/pt\/wp-json\/wp\/v2\/categories?post=153397"},{"taxonomy":"post_tag","embeddable":true,"href":"https:\/\/www.europesays.com\/pt\/wp-json\/wp\/v2\/tags?post=153397"}],"curies":[{"name":"wp","href":"https:\/\/api.w.org\/{rel}","templated":true}]}}