{"id":153399,"date":"2025-11-16T02:21:12","date_gmt":"2025-11-16T02:21:12","guid":{"rendered":"https:\/\/www.europesays.com\/pt\/153399\/"},"modified":"2025-11-16T02:21:12","modified_gmt":"2025-11-16T02:21:12","slug":"jeff-morre-em-dona-de-mim-entenda-o-que-acontece-com-o-personagem-da-novela-da-globo","status":"publish","type":"post","link":"https:\/\/www.europesays.com\/pt\/153399\/","title":{"rendered":"Jeff morre em Dona de Mim? Entenda o que acontece com o personagem da novela da Globo"},"content":{"rendered":"<p class=\"selectable-text copyable-text x15bjb6t x1n2onr6\">A Globo exibiu um dos cap\u00edtulos mais impactantes da novela Dona de Mim nesta sexta-feira, 14. Jeff (<a href=\"https:\/\/caras.com.br\/tags\/fa\u00edska-alves\" rel=\"nofollow noopener\" target=\"_blank\"><strong>Fa\u00edska Alves<\/strong><\/a>) foi v\u00edtima de bala perdida dentro da pr\u00f3pria casa durante uma opera\u00e7\u00e3o policial em uma comunidade fict\u00edcia em que mora no Rio de Janeiro.<\/p>\n<p class=\"selectable-text copyable-text x15bjb6t x1n2onr6\">Na sequ\u00eancia, o funcion\u00e1rio da padaria de S\u00e3o Crist\u00f3v\u00e3o fez algumas entregas urgentes e seguiu para entregar um chocolate que sua m\u00e3e havia esquecido ao comprar ingredientes para preparar um bolo na comunidade. Ao chegar em casa, ele foi surpreendido com a movimenta\u00e7\u00e3o policial.<\/p>\n<p> Jeff morre em Dona de Mim? <\/p>\n<p class=\"selectable-text copyable-text x15bjb6t x1n2onr6\">A casa em que Jeff vive com a m\u00e3e (nome da atriz n\u00e3o foi divulgado) fica no meio do caminho em que ocorreu o confronto. Ele chegou a entregar o ingrediente para a matriarca, quando precisou se esconder debaixo da mesa para se proteger dos tiros.<\/p>\n<p class=\"selectable-text copyable-text x15bjb6t x1n2onr6\">Em um certo momento, ele ignora os avisos da m\u00e3e e, ao tentar fechar a janela, acaba sendo baleado. Ap\u00f3s o confronto que visava prender um traficante perigoso da regi\u00e3o, ele foi socorrido a um hospital pr\u00f3ximo e necessita de doa\u00e7\u00e3o de sangue.<\/p>\n<p class=\"selectable-text copyable-text x15bjb6t x1n2onr6\">O cap\u00edtulo de ontem mostrou que a situa\u00e7\u00e3o de Jeff \u00e9 cr\u00edtica, j\u00e1 que uma art\u00e9ria foi atingida. A situa\u00e7\u00e3o se repete, pois, segundo o roteiro de Dona de Mim, o pai do jovem morreu v\u00edtima de bala perdida. No entanto, o mist\u00e9rio sobre o destino do personagem ainda permanece.<\/p>\n<p> Que horas come\u00e7a a novela das sete? <\/p>\n<p class=\"selectable-text copyable-text x15bjb6t x1n2onr6\">De acordo com a programa\u00e7\u00e3o da Globo, a novela Dona de Mim come\u00e7a a partir das 19h40 (hor\u00e1rio de Bras\u00edlia) na TV aberta. \u00c9 poss\u00edvel acompanhar a trama escrita por Rosane Svartman (56) pelo Globoplay, servi\u00e7o de streaming da emissora carioca.<\/p>\n<p class=\"selectable-text copyable-text x15bjb6t x1n2onr6\">Para assistir Dona de Mim online, \u00e9 preciso ter um cadastro na plataforma, que pode ser feito rapidamente ap\u00f3s a apresenta\u00e7\u00e3o de poucos dados pessoais. Ao logar na conta, clique na aba \u201cVer na TV\u201d e assista \u00e0 mesma programa\u00e7\u00e3o da TV aberta.<\/p>\n<p> VEJA OUTRAS NOT\u00cdCIAS DOS FAMOSOS NO INSTAGRAM DA CARAS BRASIL: <\/p>\n<blockquote class=\"instagram-media\" style=\"background: #FFF; border: 0; border-radius: 3px; box-shadow: 0 0 1px 0 rgba(0,0,0,0.5),0 1px 10px 0 rgba(0,0,0,0.15); margin: 1px; max-width: 540px; min-width: 326px; padding: 0; width: calc(100% - 2px);\" data-instgrm-captioned=\"\" data-instgrm-permalink=\"https:\/\/www.instagram.com\/reel\/DRDiP53lLR-\/?utm_source=ig_embed&amp;utm_campaign=loading\" data-instgrm-version=\"14\"><\/blockquote>\n<p>        <a href=\"https:\/\/caras.com.br\/autor\/paulo-henrique-lima\" rel=\"nofollow noopener\" target=\"_blank\">&#13;<br \/>\n          <img loading=\"lazy\" decoding=\"async\" alt=\"Paulo Henrique Lima\" src=\"https:\/\/www.europesays.com\/pt\/wp-content\/uploads\/2025\/10\/paulo-lima_sqmd.jpeg\" class=\"avatar avatar-115 photo rounded-circle\" height=\"115\" width=\"115\"\/>        <\/a><\/p>\n<p><strong>Paulo Henrique Lima<\/strong> \u00e9 rep\u00f3rter de pautas especiais do Grupo Perfil. Tem passagens por diversos ve\u00edculos de comunica\u00e7\u00e3o na web. \u00c9 apaixonado por entretenimento e realities.<\/p>\n<p>\t                                            <script async src=\"\/\/www.instagram.com\/embed.js\"><\/script><\/p>\n","protected":false},"excerpt":{"rendered":"A Globo exibiu um dos cap\u00edtulos mais impactantes da novela Dona de Mim nesta sexta-feira, 14. Jeff (Fa\u00edska&hellip;\n","protected":false},"author":2,"featured_media":153400,"comment_status":"","ping_status":"","sticky":false,"template":"","format":"standard","meta":{"footnotes":""},"categories":[142],"tags":[1718,114,115,753,32,33,151],"class_list":{"0":"post-153399","1":"post","2":"type-post","3":"status-publish","4":"format-standard","5":"has-post-thumbnail","7":"category-tv","8":"tag-dona-de-mim","9":"tag-entertainment","10":"tag-entretenimento","11":"tag-globo","12":"tag-portugal","13":"tag-pt","14":"tag-tv"},"share_on_mastodon":{"url":"https:\/\/pubeurope.com\/@pt\/115556993321522093","error":""},"_links":{"self":[{"href":"https:\/\/www.europesays.com\/pt\/wp-json\/wp\/v2\/posts\/153399","targetHints":{"allow":["GET"]}}],"collection":[{"href":"https:\/\/www.europesays.com\/pt\/wp-json\/wp\/v2\/posts"}],"about":[{"href":"https:\/\/www.europesays.com\/pt\/wp-json\/wp\/v2\/types\/post"}],"author":[{"embeddable":true,"href":"https:\/\/www.europesays.com\/pt\/wp-json\/wp\/v2\/users\/2"}],"replies":[{"embeddable":true,"href":"https:\/\/www.europesays.com\/pt\/wp-json\/wp\/v2\/comments?post=153399"}],"version-history":[{"count":0,"href":"https:\/\/www.europesays.com\/pt\/wp-json\/wp\/v2\/posts\/153399\/revisions"}],"wp:featuredmedia":[{"embeddable":true,"href":"https:\/\/www.europesays.com\/pt\/wp-json\/wp\/v2\/media\/153400"}],"wp:attachment":[{"href":"https:\/\/www.europesays.com\/pt\/wp-json\/wp\/v2\/media?parent=153399"}],"wp:term":[{"taxonomy":"category","embeddable":true,"href":"https:\/\/www.europesays.com\/pt\/wp-json\/wp\/v2\/categories?post=153399"},{"taxonomy":"post_tag","embeddable":true,"href":"https:\/\/www.europesays.com\/pt\/wp-json\/wp\/v2\/tags?post=153399"}],"curies":[{"name":"wp","href":"https:\/\/api.w.org\/{rel}","templated":true}]}}