{"id":153401,"date":"2025-11-16T02:24:33","date_gmt":"2025-11-16T02:24:33","guid":{"rendered":"https:\/\/www.europesays.com\/pt\/153401\/"},"modified":"2025-11-16T02:24:33","modified_gmt":"2025-11-16T02:24:33","slug":"juventus-inter-milao-e-ac-milan-interessados-em-defesa-portugues-da-serie-a","status":"publish","type":"post","link":"https:\/\/www.europesays.com\/pt\/153401\/","title":{"rendered":"Juventus, Inter Mil\u00e3o e AC Milan interessados em defesa portugu\u00eas da Serie A"},"content":{"rendered":"<p>&#8211; Advertisement &#8211;<\/p>\n<p><strong>O in\u00edcio de temporada de Tiago Gabriel ao servi\u00e7o do Lecce tem despontado o interesse da Juventus, Inter Mil\u00e3o e AC Milan.<\/strong><\/p>\n<p>As exibi\u00e7\u00f5es de Tiago Gabriel no Lecce esta temporada t\u00eam despertado o interesse de v\u00e1rios clubes italianos. Segundo o TuttoSport, Inter, AC Milan e Juventus est\u00e3o a acompanhar de perto o defesa de 20 anos, podendo surgir propostas nos pr\u00f3ximos meses pelo jogador luso-franc\u00eas.<\/p>\n<p>Na presente temporada, Tiago Gabriel soma 13 jogos e um golo pelo Lecce, atual 15.\u00ba classificado da Serie A. Recorde-se que o defesa estreou-se na Primeira Liga na \u00e9poca passada ao servi\u00e7o do Estrela da Amadora, tendo realizado 11 jogos pelo conjunto da Reboleira.<\/p>\n<p>Tiago Gabriel passou ainda pela forma\u00e7\u00e3o do Sporting, do Vit\u00f3ria FC e do Estrela da Amadora. O luso-franc\u00eas<a href=\"https:\/\/bolanarede.pt\/especial-bola-na-rede\/atualidade\/serie-a-defesa-portugues-soma-interessados-na-premier-league\/\" target=\"_blank\" rel=\"noreferrer noopener nofollow\"> conta tamb\u00e9m com interessados na\u00a0Premier League<\/a>.<\/p>\n","protected":false},"excerpt":{"rendered":"&#8211; Advertisement &#8211; O in\u00edcio de temporada de Tiago Gabriel ao servi\u00e7o do Lecce tem despontado o interesse&hellip;\n","protected":false},"author":2,"featured_media":153402,"comment_status":"","ping_status":"","sticky":false,"template":"","format":"standard","meta":{"footnotes":""},"categories":[87],"tags":[7002,260,135,690,13056,32,33,2101,134,33084],"class_list":{"0":"post-153401","1":"post","2":"type-post","3":"status-publish","4":"format-standard","5":"has-post-thumbnail","7":"category-desporto","8":"tag-ac-milan","9":"tag-atualidade","10":"tag-desporto","11":"tag-juventus","12":"tag-lecce","13":"tag-portugal","14":"tag-pt","15":"tag-serie-a","16":"tag-sports","17":"tag-tiago-gabriel"},"share_on_mastodon":{"url":"https:\/\/pubeurope.com\/@pt\/115557004964879895","error":""},"_links":{"self":[{"href":"https:\/\/www.europesays.com\/pt\/wp-json\/wp\/v2\/posts\/153401","targetHints":{"allow":["GET"]}}],"collection":[{"href":"https:\/\/www.europesays.com\/pt\/wp-json\/wp\/v2\/posts"}],"about":[{"href":"https:\/\/www.europesays.com\/pt\/wp-json\/wp\/v2\/types\/post"}],"author":[{"embeddable":true,"href":"https:\/\/www.europesays.com\/pt\/wp-json\/wp\/v2\/users\/2"}],"replies":[{"embeddable":true,"href":"https:\/\/www.europesays.com\/pt\/wp-json\/wp\/v2\/comments?post=153401"}],"version-history":[{"count":0,"href":"https:\/\/www.europesays.com\/pt\/wp-json\/wp\/v2\/posts\/153401\/revisions"}],"wp:featuredmedia":[{"embeddable":true,"href":"https:\/\/www.europesays.com\/pt\/wp-json\/wp\/v2\/media\/153402"}],"wp:attachment":[{"href":"https:\/\/www.europesays.com\/pt\/wp-json\/wp\/v2\/media?parent=153401"}],"wp:term":[{"taxonomy":"category","embeddable":true,"href":"https:\/\/www.europesays.com\/pt\/wp-json\/wp\/v2\/categories?post=153401"},{"taxonomy":"post_tag","embeddable":true,"href":"https:\/\/www.europesays.com\/pt\/wp-json\/wp\/v2\/tags?post=153401"}],"curies":[{"name":"wp","href":"https:\/\/api.w.org\/{rel}","templated":true}]}}