{"id":153410,"date":"2025-11-16T02:50:09","date_gmt":"2025-11-16T02:50:09","guid":{"rendered":"https:\/\/www.europesays.com\/pt\/153410\/"},"modified":"2025-11-16T02:50:09","modified_gmt":"2025-11-16T02:50:09","slug":"dua-lipa-mostra-caixa-de-presentes-dada-por-fa-clube-brasileiro","status":"publish","type":"post","link":"https:\/\/www.europesays.com\/pt\/153410\/","title":{"rendered":"Dua Lipa mostra caixa de presentes dada por f\u00e3-clube brasileiro"},"content":{"rendered":"<p class=\"my-5 break-words group-[.isActiveSource]:text-xl\">A cantora Dua Lipa mostrou uma caixa de presentes dada por um conjunto de f\u00e3s brasileiros neste s\u00e1bado (15), horas antes do show que a brit\u00e2nica far\u00e1 no MorumBIS, em S\u00e3o Paulo. A apresenta\u00e7\u00e3o da voz de &#8220;Don&#8217;t Start Now&#8221; come\u00e7a \u00e0s 21h e deve contar com um momento especial em que ela cantar\u00e1 em portugu\u00eas.<\/p>\n<p class=\"my-5 break-words group-[.isActiveSource]:text-xl\">O conjunto de presentes inclu\u00eda um tric\u00f4 e uma colagem com as cores do Brasil, al\u00e9m de uma carta escrita \u00e0 m\u00e3o pelos f\u00e3s. Nos stories do seu perfil oficial do Instagram, ela agradeceu o carinho dos brasileiros do f\u00e3-clube Dua Lipa Central.<\/p>\n<p class=\"my-5 break-words group-[.isActiveSource]:text-xl\">&#8220;Estou muito emocionada. Isso \u00e9 lindo! Mal posso imaginar quanto tempo demorou para montar essa caixa toda. Muito obrigada! Eu te amo&#8221;, escreveu Dua Lipa, incluindo uma sequ\u00eancia de bandeiras do Brasil.<\/p>\n<p class=\"my-5 break-words group-[.isActiveSource]:text-xl\">Com a <strong class=\"group-[.isActiveSource]:text-xl group-[.isActiveSource]:font-bold group-[.isActiveSource]:text-xl group-[.isActiveSource]:font-bold\">&#8220;Radical Optimism Tour&#8221;<\/strong>, Dua Lipa passar\u00e1 ainda pela cidade do Rio de Janeiro, onde far\u00e1 um show no pr\u00f3ximo s\u00e1bado (22). <a href=\"https:\/\/www.cnnbrasil.com.br\/entretenimento\/dua-lipa-setlist-horarios-e-tudo-que-voce-precisa-saber-sobre-o-show\/\" class=\"text-red-600 underline hover:text-red-500 font-medium break-words group-[.isActiveSource]:text-xl\" target=\"_self\" rel=\"nofollow noopener\">Confira aqui tudo o que voc\u00ea precisa saber sobre a passagem da cantora pelo Brasil<\/a>.<\/p>\n<p class=\"my-5 break-words group-[.isActiveSource]:text-xl\">Uma novidade desta turn\u00ea \u00e9 que Dua est\u00e1 se dedicando\u00a0<a class=\"text-red-600 underline hover:text-red-500 font-medium break-words group-[.isActiveSource]:text-xl\" href=\"https:\/\/www.cnnbrasil.com.br\/entretenimento\/dua-lipa-abre-turne-latina-com-cover-gravado-pelo-capital-inicial-veja\/\" target=\"_blank\" rel=\"noopener noreferrer nofollow\">a fazer covers de sucessos locais de cada pa\u00eds<\/a>, e j\u00e1 disse que o desafio de cantar em portugu\u00eas vai ser grande. A lista das m\u00fasicas que ser\u00e3o cantadas no Brasil\u00a0<a class=\"text-red-600 underline hover:text-red-500 font-medium break-words group-[.isActiveSource]:text-xl\" href=\"https:\/\/www.cnnbrasil.com.br\/entretenimento\/dua-lipa-no-brasil-veja-setlist-oficial-de-shows-em-sao-paulo-e-rio\/\" target=\"_blank\" rel=\"noopener noreferrer nofollow\">foram disponibilizadas em uma playlist no Spotify<\/a>\u00a0e t\u00eam cerca de 1h13 de dura\u00e7\u00e3o durante as 22 faixas escolhidas.<\/p>\n<p><img decoding=\"async\" src=\"https:\/\/www.europesays.com\/pt\/wp-content\/uploads\/2025\/11\/dua-lipa-1.jpg\" alt=\"Dua Lipa recebe caixa de presentes de f\u00e3s antes de fazer show em S\u00e3o Paulo \u2022 Instagram\/Dua Lipa\" width=\"849\" height=\"477\" class=\"flex size-full object-cover\" loading=\"lazy\"\/>Dua Lipa recebe caixa de presentes de f\u00e3s antes de fazer show em S\u00e3o Paulo \u2022 Instagram\/Dua Lipa<\/p>\n","protected":false},"excerpt":{"rendered":"A cantora Dua Lipa mostrou uma caixa de presentes dada por um conjunto de f\u00e3s brasileiros neste s\u00e1bado&hellip;\n","protected":false},"author":2,"featured_media":153411,"comment_status":"","ping_status":"","sticky":false,"template":"","format":"standard","meta":{"footnotes":""},"categories":[141],"tags":[114,115,149,150,32,33],"class_list":{"0":"post-153410","1":"post","2":"type-post","3":"status-publish","4":"format-standard","5":"has-post-thumbnail","7":"category-musica","8":"tag-entertainment","9":"tag-entretenimento","10":"tag-music","11":"tag-musica","12":"tag-portugal","13":"tag-pt"},"share_on_mastodon":{"url":"https:\/\/pubeurope.com\/@pt\/115557107403393041","error":""},"_links":{"self":[{"href":"https:\/\/www.europesays.com\/pt\/wp-json\/wp\/v2\/posts\/153410","targetHints":{"allow":["GET"]}}],"collection":[{"href":"https:\/\/www.europesays.com\/pt\/wp-json\/wp\/v2\/posts"}],"about":[{"href":"https:\/\/www.europesays.com\/pt\/wp-json\/wp\/v2\/types\/post"}],"author":[{"embeddable":true,"href":"https:\/\/www.europesays.com\/pt\/wp-json\/wp\/v2\/users\/2"}],"replies":[{"embeddable":true,"href":"https:\/\/www.europesays.com\/pt\/wp-json\/wp\/v2\/comments?post=153410"}],"version-history":[{"count":0,"href":"https:\/\/www.europesays.com\/pt\/wp-json\/wp\/v2\/posts\/153410\/revisions"}],"wp:featuredmedia":[{"embeddable":true,"href":"https:\/\/www.europesays.com\/pt\/wp-json\/wp\/v2\/media\/153411"}],"wp:attachment":[{"href":"https:\/\/www.europesays.com\/pt\/wp-json\/wp\/v2\/media?parent=153410"}],"wp:term":[{"taxonomy":"category","embeddable":true,"href":"https:\/\/www.europesays.com\/pt\/wp-json\/wp\/v2\/categories?post=153410"},{"taxonomy":"post_tag","embeddable":true,"href":"https:\/\/www.europesays.com\/pt\/wp-json\/wp\/v2\/tags?post=153410"}],"curies":[{"name":"wp","href":"https:\/\/api.w.org\/{rel}","templated":true}]}}