{"id":153414,"date":"2025-11-16T03:00:15","date_gmt":"2025-11-16T03:00:15","guid":{"rendered":"https:\/\/www.europesays.com\/pt\/153414\/"},"modified":"2025-11-16T03:00:15","modified_gmt":"2025-11-16T03:00:15","slug":"poliana-rocha-da-presente-fora-do-comum-para-baba-de-maria-flor","status":"publish","type":"post","link":"https:\/\/www.europesays.com\/pt\/153414\/","title":{"rendered":"Poliana Rocha d\u00e1 presente fora do comum para bab\u00e1 de Maria Flor"},"content":{"rendered":"<p>A influencer e empres\u00e1ria <strong>Poliana Rocha<\/strong>, que \u00e9 m\u00e3e de <strong>Z\u00e9 Felipe<\/strong>, decidiu presentear a bab\u00e1 de sua neta <strong>Maria Flor<\/strong> com um item fora do comum. Ela fez a alegria da bab\u00e1 <strong>Carina Costa<\/strong> ao pagar a aplica\u00e7\u00e3o de um megahair para ela.<\/p>\n<p>Nas redes sociais, Carina mostrou um v\u00eddeo com imagens de antes e depois do seu visual. Ela tinha o cabelo curto e alongou os fios com megahair longo. Al\u00e9m disso, ela tamb\u00e9m fez mechas loiras nos fios.<\/p>\n<p>\u201cEstou completamente apaixonada! Sempre sonhei em ter um cabel\u00e3o, mas o meu n\u00e3o colaborava. Agora eu tenho. Afinal, ele foi pago e \u00e9 meu\u201d, disse ela, e completou: \u201cEu sempre imaginei ter um cabelo assim\u2026 E agora \u00e9 real!\u201d.<\/p>\n<p>Na sequ\u00eancia, Carina agradeceu Poliana por ter dado o cabelo de presente. \u201cGratid\u00e3o enorme a Poliana, que me presenteou e tornou esse momento poss\u00edvel\u201d, afirmou. Ao ver a transforma\u00e7\u00e3o da bab\u00e1, a esposa de Leonardo elogiou o resultado. \u201cFicou mais linda\u201d, declarou.<\/p>\n<blockquote class=\"instagram-media\" style=\"background: #FFF; border: 0; border-radius: 3px; box-shadow: 0 0 1px 0 rgba(0,0,0,0.5),0 1px 10px 0 rgba(0,0,0,0.15); margin: 1px; max-width: 540px; min-width: 326px; padding: 0; width: calc(100% - 2px);\" data-instgrm-captioned=\"\" data-instgrm-permalink=\"https:\/\/www.instagram.com\/reel\/DRFDD0pEdDk\/?utm_source=ig_embed&amp;utm_campaign=loading\" data-instgrm-version=\"14\"><\/blockquote>\n<p>  Poliana Rocha comemorou seu anivers\u00e1rio com a fam\u00edlia <\/p>\n<p>Na \u00faltima semana, Poliana Rocha completou 49 anos de idade e comemorou de forma intimista ao lado da fam\u00edlia. Ela levou o marido, Leonardo, o filhos, os netos e enteados para curtirem alguns dias de descanso na Fazenda Talism\u00e3, em Goi\u00e1s.<\/p>\n<p>No dia de seu anivers\u00e1rio, a musa realizou uma missa na capela da fazenda para celebrar sua vida e, logo depois, recebeu os convidados em um jantar na sede da fazenda. \u201cNada \u00e9 mais especial que celebrar a vida com amor, carinho e boas mem\u00f3rias. Gratid\u00e3o por compartilhar mais um ano de vida cheio de luz, amor, fam\u00edlia, f\u00e9 e celebra\u00e7\u00e3o\u201c, disse ela.<\/p>\n<blockquote class=\"instagram-media\" style=\"background: #FFF; border: 0; border-radius: 3px; box-shadow: 0 0 1px 0 rgba(0,0,0,0.5),0 1px 10px 0 rgba(0,0,0,0.15); margin: 1px; max-width: 540px; min-width: 326px; padding: 0; width: calc(100% - 2px);\" data-instgrm-captioned=\"\" data-instgrm-permalink=\"https:\/\/www.instagram.com\/p\/DRBQQTJEXwX\/?utm_source=ig_embed&amp;utm_campaign=loading\" data-instgrm-version=\"14\"><\/blockquote>\n<p><strong>Leia tamb\u00e9m<\/strong>: <a href=\"https:\/\/caras.com.br\/casa-dos-famosos\/fazenda-talisma-por-um-novo-angulo-confira-as-fotos-aereas-da-fazenda-de-leonardo.phtml\" rel=\"nofollow noopener\" target=\"_blank\">Fazenda Talism\u00e3 por um novo \u00e2ngulo; confira as fotos a\u00e9reas da fazenda de Leonardo<\/a><\/p>\n<p>        <a href=\"https:\/\/caras.com.br\/autor\/priscilla-comoti\" rel=\"nofollow noopener\" target=\"_blank\">&#13;<br \/>\n          <img loading=\"lazy\" alt=\"Priscilla Comoti\" src=\"https:\/\/www.europesays.com\/pt\/wp-content\/uploads\/2025\/11\/1763262015_606_e53883bdf02c542f6517b68879e8cb08b27a1d55c4dfd53577e47d3ab6331a06\"  class=\"avatar avatar-115 photo rounded-circle mr-3\" height=\"115\" width=\"115\" decoding=\"async\"\/>        <\/a><\/p>\n<p>Priscilla Comoti \u00e9 editora de conte\u00fado do site CARAS. Ela \u00e9 formada em jornalismo e em audiovisual, j\u00e1 passou pelos sites Contigo!, Minha Novela, TiTiTi, Mais Novela e Portal M\u00e1rcia Piovesan. Escreve sobre celebridades, not\u00edcias sobre a fam\u00edlia real brit\u00e2nica, TV, reality show e novelas.<\/p>\n<p>\t                                            <script async src=\"\/\/www.instagram.com\/embed.js\"><\/script><\/p>\n","protected":false},"excerpt":{"rendered":"A influencer e empres\u00e1ria Poliana Rocha, que \u00e9 m\u00e3e de Z\u00e9 Felipe, decidiu presentear a bab\u00e1 de sua&hellip;\n","protected":false},"author":2,"featured_media":153415,"comment_status":"","ping_status":"","sticky":false,"template":"","format":"standard","meta":{"footnotes":""},"categories":[145],"tags":[12787,211,210,114,115,33085,1513,5548,32,33],"class_list":{"0":"post-153414","1":"post","2":"type-post","3":"status-publish","4":"format-standard","5":"has-post-thumbnail","7":"category-celebridades","8":"tag-baba","9":"tag-celebridades","10":"tag-celebrities","11":"tag-entertainment","12":"tag-entretenimento","13":"tag-mae-de-ze-felipe","14":"tag-maria-flor","15":"tag-poliana-rocha","16":"tag-portugal","17":"tag-pt"},"share_on_mastodon":{"url":"https:\/\/pubeurope.com\/@pt\/115557146734017941","error":""},"_links":{"self":[{"href":"https:\/\/www.europesays.com\/pt\/wp-json\/wp\/v2\/posts\/153414","targetHints":{"allow":["GET"]}}],"collection":[{"href":"https:\/\/www.europesays.com\/pt\/wp-json\/wp\/v2\/posts"}],"about":[{"href":"https:\/\/www.europesays.com\/pt\/wp-json\/wp\/v2\/types\/post"}],"author":[{"embeddable":true,"href":"https:\/\/www.europesays.com\/pt\/wp-json\/wp\/v2\/users\/2"}],"replies":[{"embeddable":true,"href":"https:\/\/www.europesays.com\/pt\/wp-json\/wp\/v2\/comments?post=153414"}],"version-history":[{"count":0,"href":"https:\/\/www.europesays.com\/pt\/wp-json\/wp\/v2\/posts\/153414\/revisions"}],"wp:featuredmedia":[{"embeddable":true,"href":"https:\/\/www.europesays.com\/pt\/wp-json\/wp\/v2\/media\/153415"}],"wp:attachment":[{"href":"https:\/\/www.europesays.com\/pt\/wp-json\/wp\/v2\/media?parent=153414"}],"wp:term":[{"taxonomy":"category","embeddable":true,"href":"https:\/\/www.europesays.com\/pt\/wp-json\/wp\/v2\/categories?post=153414"},{"taxonomy":"post_tag","embeddable":true,"href":"https:\/\/www.europesays.com\/pt\/wp-json\/wp\/v2\/tags?post=153414"}],"curies":[{"name":"wp","href":"https:\/\/api.w.org\/{rel}","templated":true}]}}