{"id":153416,"date":"2025-11-16T03:03:20","date_gmt":"2025-11-16T03:03:20","guid":{"rendered":"https:\/\/www.europesays.com\/pt\/153416\/"},"modified":"2025-11-16T03:03:20","modified_gmt":"2025-11-16T03:03:20","slug":"tvi-estreia-a-24-de-novembro-remake-da-novela-ninguem-como-tu-estas-sao-as-primeiras-imagens-tvi","status":"publish","type":"post","link":"https:\/\/www.europesays.com\/pt\/153416\/","title":{"rendered":"TVI estreia a 24 de novembro remake da novela &quot;Ningu\u00e9m Como Tu&quot;: estas s\u00e3o as primeiras imagens &#8211; TVI"},"content":{"rendered":"<ol>\n<li><a href=\"https:\/\/news.google.com\/rss\/articles\/CBMi5gFBVV95cUxQYndYei1WNzBYWUNlT0ZjR0lMV3RmemdzTEpSSzkyaTFFTUNzR0V1M0QzcUJOdlVHeFE4QjlZVzVHQkI2N2pWeW9qVl9ZSkgtLVNkZWhscE9YSTZXT3JKald4akdlQ3JMcWJrVG4wdW5mWkFDSU1ZZEFaZHVGQ3I0ZUFaN3k2cXluVEFyMWtuTElrdmpXRlVkRjdHV1FmSkZCN2E4SExra3E2eUwtZ01kZ1pZaXRUVkhxbk5IazNDbTVReE1jV1B3cUtRT19YVFBKNUllY3BOb2RoRy12ZHRZdC11NFhxZw?oc=5\" target=\"_blank\" rel=\"nofollow noopener\">TVI estreia a 24 de novembro remake da novela &#8220;Ningu\u00e9m Como Tu&#8221;: estas s\u00e3o as primeiras imagens<\/a>&nbsp;&nbsp;TVI<\/li>\n<li><a href=\"https:\/\/news.google.com\/rss\/articles\/CBMipwFBVV95cUxNci10OGI3azlfYTBJV0Q4bXZJeFlDY1NPTElTQ2pLR0J6cWlUanpXeThLQ0JOM09SV2lZYmpkQnQ0eUlVZ0YwWXFkV25zcGRQOWRYOG9ZV0ZlZGYzSUxkSXRNel81WmFVYWdWSng5ZWk1TUE4N0xiMVExRlJKQkxlY25rdFZrN01QakxPUlA3RmpGdG9rMlNaQWlwX0UxM2txN2QtOF84RQ?oc=5\" target=\"_blank\" rel=\"nofollow noopener\">J\u00e1 h\u00e1 data de estreia para o remake da novela \u201cNingu\u00e9m Como Tu\u201d<\/a>&nbsp;&nbsp;nit.pt<\/li>\n<li><a href=\"https:\/\/news.google.com\/rss\/articles\/CBMiqgFBVV95cUxQWjVKNkozSDFxYUx4cWdxcEdwdUEtOTBRbU9vempTb1JjSTFDN2lkT0JSZXgwSlRMYzduMkJVTkNVS0llalkwUGpDeTJGNEUtd19FNzFLV09ldHVyRkZOU2hJMEItR0xxSjB5VTFVekFmWkxlR0ZsSnFpblFabVpBcWRUQ2F0ZnpQT1pQNk1Mb0plcmdtSlNkRTlhTURKemhIc1RnUU43SDU5QQ?oc=5\" target=\"_blank\" rel=\"nofollow noopener\">Ningu\u00e9m como Tu: TVI revela data de estreia, elenco e sinopse da nova vers\u00e3o da novela<\/a>&nbsp;&nbsp;Hiper Fm<\/li>\n<li><a href=\"https:\/\/news.google.com\/rss\/articles\/CBMinAFBVV95cUxNc2FjVVhQZTYtaE93VzBNaWZXbFY2R1FUUF9XbnpMT0N3MVFlaUF2eU90TnJjNHpza0xzUFVNSlJYWU9TbjEyOFo1S1p2YUl0YzJVSTE2VE9BaklfaXBvRU83Z01uaUw0SHZieGhOcEg0TkVYcm1aQ29oT0ZSeHZPVTlfOXVESkJwUjdNWTJ1ZlgtVGtXZnhNZmp0Q3Q?oc=5\" target=\"_blank\" rel=\"nofollow noopener\">Em imagens: O lan\u00e7amento da s\u00e9rie &#8220;Ningu\u00e9m Como Tu&#8221;<\/a>&nbsp;&nbsp;SAPO<\/li>\n<li><a href=\"https:\/\/news.google.com\/rss\/articles\/CBMivAFBVV95cUxQdzVzMHJZYWpsQ2FjU2JXNnJzM3dickpqZEZvRk5JdlZXb0NnSmpaSmwzSTByazlSWGN5QTc2bTkyR3FxN0oxYmx5T3lIRzU1T19GV0ZKN3NNejdkVUhfR2lyVm9OZUNVVGtCU3R4ZjNBN2hEaUxLNVZIc19ZQk1hVUo1VXY2UHg3SnZQdE02Ri11Wnc1b3FuS1NTSjY4M0hIUF9Ja2VzYWdpajg1a1pESlNCT3ItV3ZMVVdsUA?oc=5\" target=\"_blank\" rel=\"nofollow noopener\">&#8220;Ningu\u00e9m como Tu&#8221; ainda n\u00e3o estreou mas segunda temporada j\u00e1 tem data de estreia para 2026<\/a>&nbsp;&nbsp;A Televis\u00e3o<\/li>\n<\/ol>\n","protected":false},"excerpt":{"rendered":"TVI estreia a 24 de novembro remake da novela &#8220;Ningu\u00e9m Como Tu&#8221;: estas s\u00e3o as primeiras imagens&nbsp;&nbsp;TVI J\u00e1&hellip;\n","protected":false},"author":2,"featured_media":153417,"comment_status":"","ping_status":"","sticky":false,"template":"","format":"standard","meta":{"footnotes":""},"categories":[142],"tags":[609,836,2520,260,2530,2518,604,135,476,114,115,4734,2519,301,2513,2515,2529,2531,2527,603,2517,2516,62,32712,13,2526,2528,2525,2522,32,2523,33,2521,2524,899,3939,151,162,2514,2512,30],"class_list":{"0":"post-153416","1":"post","2":"type-post","3":"status-publish","4":"format-standard","5":"has-post-thumbnail","7":"category-tv","8":"tag-alerta","9":"tag-analise","10":"tag-as-pessoas-nao-sao-numeros","11":"tag-atualidade","12":"tag-catia-nobre","13":"tag-comentario","14":"tag-crime","15":"tag-desporto","16":"tag-economia","17":"tag-entertainment","18":"tag-entretenimento","19":"tag-estreia","20":"tag-global","21":"tag-governo","22":"tag-jornal","23":"tag-jornal-nacional","24":"tag-jose-alberto-carvalho","25":"tag-jose-carlos-araujo","26":"tag-jose-eduardo-moniz","27":"tag-justica","28":"tag-mais-populares","29":"tag-mais-vistos","30":"tag-mundo","31":"tag-ninguem-como-tu","32":"tag-noticias","33":"tag-nuno-santos","34":"tag-pedro-benevides","35":"tag-pedro-santos-guerreiro","36":"tag-perplexidades","37":"tag-portugal","38":"tag-preto-no-branco","39":"tag-pt","40":"tag-reporter-tvi","41":"tag-sandra-felgueiras","42":"tag-sara-pinto","43":"tag-serie","44":"tag-tv","45":"tag-tvi","46":"tag-tvi-jornal","47":"tag-ultima-hora","48":"tag-ultimas-noticias"},"share_on_mastodon":{"url":"","error":"Validation failed: Text character limit of 500 exceeded"},"_links":{"self":[{"href":"https:\/\/www.europesays.com\/pt\/wp-json\/wp\/v2\/posts\/153416","targetHints":{"allow":["GET"]}}],"collection":[{"href":"https:\/\/www.europesays.com\/pt\/wp-json\/wp\/v2\/posts"}],"about":[{"href":"https:\/\/www.europesays.com\/pt\/wp-json\/wp\/v2\/types\/post"}],"author":[{"embeddable":true,"href":"https:\/\/www.europesays.com\/pt\/wp-json\/wp\/v2\/users\/2"}],"replies":[{"embeddable":true,"href":"https:\/\/www.europesays.com\/pt\/wp-json\/wp\/v2\/comments?post=153416"}],"version-history":[{"count":0,"href":"https:\/\/www.europesays.com\/pt\/wp-json\/wp\/v2\/posts\/153416\/revisions"}],"wp:featuredmedia":[{"embeddable":true,"href":"https:\/\/www.europesays.com\/pt\/wp-json\/wp\/v2\/media\/153417"}],"wp:attachment":[{"href":"https:\/\/www.europesays.com\/pt\/wp-json\/wp\/v2\/media?parent=153416"}],"wp:term":[{"taxonomy":"category","embeddable":true,"href":"https:\/\/www.europesays.com\/pt\/wp-json\/wp\/v2\/categories?post=153416"},{"taxonomy":"post_tag","embeddable":true,"href":"https:\/\/www.europesays.com\/pt\/wp-json\/wp\/v2\/tags?post=153416"}],"curies":[{"name":"wp","href":"https:\/\/api.w.org\/{rel}","templated":true}]}}