{"id":153418,"date":"2025-11-16T03:04:13","date_gmt":"2025-11-16T03:04:13","guid":{"rendered":"https:\/\/www.europesays.com\/pt\/153418\/"},"modified":"2025-11-16T03:04:13","modified_gmt":"2025-11-16T03:04:13","slug":"depressao-claudia-deixa-104-6-fm-da-radio-cidade-hoje-em-silencio","status":"publish","type":"post","link":"https:\/\/www.europesays.com\/pt\/153418\/","title":{"rendered":"Depress\u00e3o Cl\u00e1udia deixa 104.6 FM da R\u00e1dio Cidade Hoje em sil\u00eancio"},"content":{"rendered":"<p id=\"s-p-embed-6918\" data-start=\"1135\" data-end=\"1336\" data-is-last-node=\"\" data-is-only-node=\"\">A passagem da Depress\u00e3o Cl\u00e1udia pela regi\u00e3o, durante a madrugada deste s\u00e1bado, 15 de novembro, provocou v\u00e1rios epis\u00f3dios de trovoada intensa que acabaram por afetar infraestruturas locais, entre elas, um dos centros emissor da R\u00e1dio Cidade Hoje.<\/p>\n<p>A esta\u00e7\u00e3o acordou assim com a sua emiss\u00e3o interrompida na frequ\u00eancia 104,6 FM, depois da atividade el\u00e9trica da tempestade ter impossibilitado o normal funcionamento do equipamento respons\u00e1vel por difundir o sinal, a partir da freguesia de Jesufrei. Desde as primeiras horas da manh\u00e3, as equipas t\u00e9cnicas da r\u00e1dio t\u00eam estado no terreno a avaliar os danos e a trabalhar para repor a emiss\u00e3o com a maior brevidade poss\u00edvel.<\/p>\n<p>Apesar da interrup\u00e7\u00e3o, a R\u00e1dio Cidade Hoje continua a emitir. Os ouvintes podem acompanhar toda a programa\u00e7\u00e3o di\u00e1ria atrav\u00e9s da frequ\u00eancia alternativa 94 FM, bem como pela transmiss\u00e3o online em cidadehoje.sapo.pt, que se mant\u00e9m totalmente operacional.<\/p>\n<p>A esta\u00e7\u00e3o agradece a compreens\u00e3o dos ouvintes e garante que todos os esfor\u00e7os est\u00e3o a ser feitos para restabelecer o servi\u00e7o no centro emissor de Jesufrei, assim que as condi\u00e7\u00f5es t\u00e9cnicas o permitirem.<\/p>\n","protected":false},"excerpt":{"rendered":"A passagem da Depress\u00e3o Cl\u00e1udia pela regi\u00e3o, durante a madrugada deste s\u00e1bado, 15 de novembro, provocou v\u00e1rios epis\u00f3dios&hellip;\n","protected":false},"author":2,"featured_media":153419,"comment_status":"","ping_status":"","sticky":false,"template":"","format":"standard","meta":{"footnotes":""},"categories":[141],"tags":[114,115,149,150,32,33],"class_list":{"0":"post-153418","1":"post","2":"type-post","3":"status-publish","4":"format-standard","5":"has-post-thumbnail","7":"category-musica","8":"tag-entertainment","9":"tag-entretenimento","10":"tag-music","11":"tag-musica","12":"tag-portugal","13":"tag-pt"},"share_on_mastodon":{"url":"https:\/\/pubeurope.com\/@pt\/115557162266479598","error":""},"_links":{"self":[{"href":"https:\/\/www.europesays.com\/pt\/wp-json\/wp\/v2\/posts\/153418","targetHints":{"allow":["GET"]}}],"collection":[{"href":"https:\/\/www.europesays.com\/pt\/wp-json\/wp\/v2\/posts"}],"about":[{"href":"https:\/\/www.europesays.com\/pt\/wp-json\/wp\/v2\/types\/post"}],"author":[{"embeddable":true,"href":"https:\/\/www.europesays.com\/pt\/wp-json\/wp\/v2\/users\/2"}],"replies":[{"embeddable":true,"href":"https:\/\/www.europesays.com\/pt\/wp-json\/wp\/v2\/comments?post=153418"}],"version-history":[{"count":0,"href":"https:\/\/www.europesays.com\/pt\/wp-json\/wp\/v2\/posts\/153418\/revisions"}],"wp:featuredmedia":[{"embeddable":true,"href":"https:\/\/www.europesays.com\/pt\/wp-json\/wp\/v2\/media\/153419"}],"wp:attachment":[{"href":"https:\/\/www.europesays.com\/pt\/wp-json\/wp\/v2\/media?parent=153418"}],"wp:term":[{"taxonomy":"category","embeddable":true,"href":"https:\/\/www.europesays.com\/pt\/wp-json\/wp\/v2\/categories?post=153418"},{"taxonomy":"post_tag","embeddable":true,"href":"https:\/\/www.europesays.com\/pt\/wp-json\/wp\/v2\/tags?post=153418"}],"curies":[{"name":"wp","href":"https:\/\/api.w.org\/{rel}","templated":true}]}}