{"id":153423,"date":"2025-11-16T03:19:11","date_gmt":"2025-11-16T03:19:11","guid":{"rendered":"https:\/\/www.europesays.com\/pt\/153423\/"},"modified":"2025-11-16T03:19:11","modified_gmt":"2025-11-16T03:19:11","slug":"chitaozinho-e-xororo-abrem-cruzeiro-da-dupla-apos-vencerem-7o-grammy-latino-r7-entretenimento","status":"publish","type":"post","link":"https:\/\/www.europesays.com\/pt\/153423\/","title":{"rendered":"Chit\u00e3ozinho e Xoror\u00f3 abrem cruzeiro da dupla ap\u00f3s vencerem 7\u00ba Grammy Latino \u2013 R7 Entretenimento"},"content":{"rendered":"<p><img decoding=\"async\" data-chromatic=\"ignore\" alt=\"\" class=\"c-image\" loading=\"lazy\" src=\"https:\/\/www.europesays.com\/pt\/wp-content\/uploads\/2025\/11\/O3OOP6HZXZHSTIRPQWGV2K5Q24.jpeg\"  width=\"2048\" height=\"1366\"\/>Chit\u00e3ozinho e Xoror\u00f3 se apresentam em navio tem\u00e1tico da dupla Nat\u00e1lia Rampinelli\/AgNews <\/p>\n<p class=\"jarvics:base-text-neutral-high-400 base-text-[calc(theme(fontSize.xs)_*_var(--font-size,_1))] base-font-normal base-font-primary base-text-neutral-low-500 base-text-left\"><b>Chit\u00e3ozinho e Xoror\u00f3<\/b> iniciaram neste s\u00e1bado (15) o Navio Ch&amp;X \u2013 Uma Hist\u00f3ria de Sucesso, que marca a primeira edi\u00e7\u00e3o do cruzeiro em \u00e1guas brasileiras. <\/p>\n<p class=\"jarvics:base-text-neutral-high-400 base-text-[calc(theme(fontSize.xs)_*_var(--font-size,_1))] base-font-normal base-font-primary base-text-neutral-low-500 base-text-left\">O embarque acontece na mesma semana em que a dupla conquistou seu 7\u00ba <b>Grammy Latino<\/b>, refor\u00e7ando o momento hist\u00f3rico dos sertanejos.<\/p>\n<p class=\"jarvics:base-text-neutral-high-400 base-text-[calc(theme(fontSize.xs)_*_var(--font-size,_1))] base-font-normal base-font-primary base-text-neutral-low-500 base-text-left\">Com 55 anos de carreira, os artistas venceram o pr\u00eamio de <b>Melhor \u00c1lbum de M\u00fasica Sertaneja com <\/b><b>Jos\u00e9 &amp; Durval<\/b>, tornando-se a dupla com maior n\u00famero de estatuetas na categoria sertaneja no Brasil.<\/p>\n<p class=\"jarvics:base-text-neutral-high-400 base-text-[calc(theme(fontSize.xs)_*_var(--font-size,_1))] base-font-normal base-font-primary base-text-neutral-low-500 base-text-left\">A viagem acontece at\u00e9 o dia 18 de novembro, partindo de <b>Santos<\/b> rumo ao <b>Rio de Janeiro<\/b> e a Angra dos Reis. Ser\u00e3o quatro dias de shows, festas tem\u00e1ticas e experi\u00eancias preparadas especialmente para os f\u00e3s.<\/p>\n<p class=\"jarvics:base-text-neutral-high-400 base-text-[calc(theme(fontSize.xs)_*_var(--font-size,_1))] base-font-normal base-font-primary base-text-neutral-low-500 base-text-left\">Al\u00e9m dos anfitri\u00f5es, o line-up traz F\u00e1bio Jr., Victor &amp; Leo, Daniel, Matogrosso &amp; Mathias, Bruninho &amp; Davi, Vini &amp; Lucas, Paula Mattos e Mark Brothers.<\/p>\n<p class=\"jarvics:base-text-neutral-high-400 base-text-[calc(theme(fontSize.xs)_*_var(--font-size,_1))] base-font-normal base-font-primary base-text-neutral-low-500 base-text-left\">O cruzeiro ainda contar\u00e1 com duas apresenta\u00e7\u00f5es da pe\u00e7a Aluga-se um Namorado, dirigida e estrelada por Eri Johnson, que divide o elenco com Ju Knust, Myrian Rios, Raymundo de Souza, Jo\u00e3o Lima Junior e Marcondes Oliveira.<\/p>\n<p>De \u201860 Dias Apaixonado\u2019 a \u2018Evid\u00eancias\u2019<\/p>\n<p class=\"jarvics:base-text-neutral-high-400 base-text-[calc(theme(fontSize.xs)_*_var(--font-size,_1))] base-font-normal base-font-primary base-text-neutral-low-500 base-text-left\">O primeiro grande sucesso de Chit\u00e3ozinho &amp; Xoror\u00f3 foi 60 Dias Apaixonado, que rendeu disco de ouro em 1978.<\/p>\n<p class=\"jarvics:base-text-neutral-high-400 base-text-[calc(theme(fontSize.xs)_*_var(--font-size,_1))] base-font-normal base-font-primary base-text-neutral-low-500 base-text-left\">A verdadeira explos\u00e3o nacional veio em 1982, com o \u00e1lbum Somos Apaixonados e a ic\u00f4nica Fio de Cabelo, marcando definitivamente o nome da dupla na m\u00fasica brasileira.<\/p>\n<p class=\"jarvics:base-text-neutral-high-400 base-text-[calc(theme(fontSize.xs)_*_var(--font-size,_1))] base-font-normal base-font-primary base-text-neutral-low-500 base-text-left\">Desde ent\u00e3o, os irm\u00e3os acumulam pr\u00eamios, recordes e hits. Afinal, n\u00e3o existe brasileiro que n\u00e3o saiba cantar <b>Evid\u00eancias<\/b>, lan\u00e7ada pela dupla em 1990 no \u00e1lbum Cowboy do Asfalto.<\/p>\n","protected":false},"excerpt":{"rendered":"Chit\u00e3ozinho e Xoror\u00f3 se apresentam em navio tem\u00e1tico da dupla Nat\u00e1lia Rampinelli\/AgNews Chit\u00e3ozinho e Xoror\u00f3 iniciaram neste s\u00e1bado&hellip;\n","protected":false},"author":2,"featured_media":153424,"comment_status":"","ping_status":"","sticky":false,"template":"","format":"standard","meta":{"footnotes":""},"categories":[141],"tags":[114,115,149,150,32,33,3033],"class_list":{"0":"post-153423","1":"post","2":"type-post","3":"status-publish","4":"format-standard","5":"has-post-thumbnail","7":"category-musica","8":"tag-entertainment","9":"tag-entretenimento","10":"tag-music","11":"tag-musica","12":"tag-portugal","13":"tag-pt","14":"tag-r7"},"share_on_mastodon":{"url":"https:\/\/pubeurope.com\/@pt\/115557221469645852","error":""},"_links":{"self":[{"href":"https:\/\/www.europesays.com\/pt\/wp-json\/wp\/v2\/posts\/153423","targetHints":{"allow":["GET"]}}],"collection":[{"href":"https:\/\/www.europesays.com\/pt\/wp-json\/wp\/v2\/posts"}],"about":[{"href":"https:\/\/www.europesays.com\/pt\/wp-json\/wp\/v2\/types\/post"}],"author":[{"embeddable":true,"href":"https:\/\/www.europesays.com\/pt\/wp-json\/wp\/v2\/users\/2"}],"replies":[{"embeddable":true,"href":"https:\/\/www.europesays.com\/pt\/wp-json\/wp\/v2\/comments?post=153423"}],"version-history":[{"count":0,"href":"https:\/\/www.europesays.com\/pt\/wp-json\/wp\/v2\/posts\/153423\/revisions"}],"wp:featuredmedia":[{"embeddable":true,"href":"https:\/\/www.europesays.com\/pt\/wp-json\/wp\/v2\/media\/153424"}],"wp:attachment":[{"href":"https:\/\/www.europesays.com\/pt\/wp-json\/wp\/v2\/media?parent=153423"}],"wp:term":[{"taxonomy":"category","embeddable":true,"href":"https:\/\/www.europesays.com\/pt\/wp-json\/wp\/v2\/categories?post=153423"},{"taxonomy":"post_tag","embeddable":true,"href":"https:\/\/www.europesays.com\/pt\/wp-json\/wp\/v2\/tags?post=153423"}],"curies":[{"name":"wp","href":"https:\/\/api.w.org\/{rel}","templated":true}]}}