{"id":153427,"date":"2025-11-16T03:29:09","date_gmt":"2025-11-16T03:29:09","guid":{"rendered":"https:\/\/www.europesays.com\/pt\/153427\/"},"modified":"2025-11-16T03:29:09","modified_gmt":"2025-11-16T03:29:09","slug":"atriz-ana-de-armas-e-fotografada-com-empresario-brasileiro","status":"publish","type":"post","link":"https:\/\/www.europesays.com\/pt\/153427\/","title":{"rendered":"Atriz Ana de Armas \u00e9 fotografada com empres\u00e1rio brasileiro"},"content":{"rendered":"<p>Novo poss\u00edvel casal no radar: Ana de Armas foi fotografada com o empres\u00e1rio Marcelo Valente, baiano s\u00f3cio de empresas americanas. As imagens divulgadas pelo TMZ deram in\u00edcio \u00e0s especula\u00e7\u00f5es de um novo relacionamento.<\/p>\n<p>Nos \u00faltimos meses, a atriz vinha sendo vista com Tom Cruise, e a expectativa era de que os dois atores estivessem em um relacionamento. No entanto, ainda segundo o TMZ, os dois teriam se separado em outubro.<\/p>\n<p>Marcelo Valente \u00e9 empres\u00e1rio e est\u00e1 constantemente em meio aos famosos holywoodanos devido aos neg\u00f3cios. Ele \u00e9 dono da startup Shepherd, sediada em Los Angeles, que conecta entretenimento e tecnologia. Cleo Pires, Sergio Marone e Anderson Silva j\u00e1 foram seus clientes, segundo o jornal O Globo.<\/p>\n<p>Desde 2017, ele \u00e9 s\u00f3cio da Babel Ventures, uma empresa de capital de risco em biotecnologia, ao lado de empres\u00e1rios brasileiros e americanos.<\/p>\n<p>Marcelo j\u00e1 teve um affair com Ivete Sangalo, tamb\u00e9m baiana, quando ainda tinha 19 anos e, ela, 33. Segundo reportagens da \u00e9poca, ele ainda era um estudante de administra\u00e7\u00e3o quando os dois foram fotografados juntos, em 2005.<\/p>\n","protected":false},"excerpt":{"rendered":"Novo poss\u00edvel casal no radar: Ana de Armas foi fotografada com o empres\u00e1rio Marcelo Valente, baiano s\u00f3cio de&hellip;\n","protected":false},"author":2,"featured_media":153428,"comment_status":"","ping_status":"","sticky":false,"template":"","format":"standard","meta":{"footnotes":""},"categories":[145],"tags":[3996,211,210,114,115,32,33,3995],"class_list":{"0":"post-153427","1":"post","2":"type-post","3":"status-publish","4":"format-standard","5":"has-post-thumbnail","7":"category-celebridades","8":"tag-ana-de-armas","9":"tag-celebridades","10":"tag-celebrities","11":"tag-entertainment","12":"tag-entretenimento","13":"tag-portugal","14":"tag-pt","15":"tag-tom-cruise"},"share_on_mastodon":{"url":"https:\/\/pubeurope.com\/@pt\/115557260527000763","error":""},"_links":{"self":[{"href":"https:\/\/www.europesays.com\/pt\/wp-json\/wp\/v2\/posts\/153427","targetHints":{"allow":["GET"]}}],"collection":[{"href":"https:\/\/www.europesays.com\/pt\/wp-json\/wp\/v2\/posts"}],"about":[{"href":"https:\/\/www.europesays.com\/pt\/wp-json\/wp\/v2\/types\/post"}],"author":[{"embeddable":true,"href":"https:\/\/www.europesays.com\/pt\/wp-json\/wp\/v2\/users\/2"}],"replies":[{"embeddable":true,"href":"https:\/\/www.europesays.com\/pt\/wp-json\/wp\/v2\/comments?post=153427"}],"version-history":[{"count":0,"href":"https:\/\/www.europesays.com\/pt\/wp-json\/wp\/v2\/posts\/153427\/revisions"}],"wp:featuredmedia":[{"embeddable":true,"href":"https:\/\/www.europesays.com\/pt\/wp-json\/wp\/v2\/media\/153428"}],"wp:attachment":[{"href":"https:\/\/www.europesays.com\/pt\/wp-json\/wp\/v2\/media?parent=153427"}],"wp:term":[{"taxonomy":"category","embeddable":true,"href":"https:\/\/www.europesays.com\/pt\/wp-json\/wp\/v2\/categories?post=153427"},{"taxonomy":"post_tag","embeddable":true,"href":"https:\/\/www.europesays.com\/pt\/wp-json\/wp\/v2\/tags?post=153427"}],"curies":[{"name":"wp","href":"https:\/\/api.w.org\/{rel}","templated":true}]}}