{"id":153429,"date":"2025-11-16T03:33:08","date_gmt":"2025-11-16T03:33:08","guid":{"rendered":"https:\/\/www.europesays.com\/pt\/153429\/"},"modified":"2025-11-16T03:33:08","modified_gmt":"2025-11-16T03:33:08","slug":"o-motivo-pelo-qual-freddie-mercury-detestava-cantar-bohemian-rhapsody-ao-vivo-revela-amigo-proximo-globo","status":"publish","type":"post","link":"https:\/\/www.europesays.com\/pt\/153429\/","title":{"rendered":"O motivo pelo qual Freddie Mercury detestava cantar Bohemian Rhapsody ao vivo, revela amigo pr\u00f3ximo &#8211; Globo"},"content":{"rendered":"<ol>\n<li><a href=\"https:\/\/news.google.com\/rss\/articles\/CBMi2wFBVV95cUxQQUZGNkhwaTY5MV9aTGxKMEFlSVVJTFJ6c0cyZVVOT00ybGVHSlpMdmloS0FSWTlzYVZFTjZ0eEZnOHByZzE2QjVHNERpV3h4Qjl5dE16LXNYVlJlWUZWZUdlOHlycHlkemhRaWtQcUtwcThONWxxbkdLVlNYMFVocS1hRGtPazNPbDF0ajZSQnNmWjl1aUc3Z3NnTHpqeVVZY0xZcXpvc1NXRUhSVDhYc0lDWDF6SWpSVE5yM1M0Ujg2YzJTZWxXM2ctRnUwYVdlSHR6WjlYT3ZKU1XSAeoBQVVfeXFMTlliMkFrdFhNWHR0VHlBWHBCMUt2WnQ2WkJ3M1NHb2hzM2Rpa3oycUN1S2NmNGlfRlJMQW5kUmM1WjI2ZDVaLVdMT05LWnpGM0h6Um5ycXYyd3hiT2pVdGo3dFM0ZUk4S1hIUzFSTVJWMC1Cc1QyemxRUFRFMDFjWWE1RXIzUmVQSVgxMExwU1lsNUcyVE1Obm9xMUJnQkswOHdMN1o1QVgwUjkyYkhSRnlDUVZIS1czQzRXdm1aYV9reE8yd3VRV29nSzl5MzJ3S2ZxRDdWbFNwdXhLaldqOHBXSG9CVmdscUhR?oc=5\" target=\"_blank\" rel=\"nofollow noopener\">O motivo pelo qual Freddie Mercury detestava cantar Bohemian Rhapsody ao vivo, revela amigo pr\u00f3ximo<\/a>&nbsp;&nbsp;Globo<\/li>\n<li><a href=\"https:\/\/news.google.com\/rss\/articles\/CBMiZ0FVX3lxTE9wSHZ4NEU4aVFhQnBnaHhhOEszaDBUSnR0QWNMbTRFeHZmOXRSWHI4ZEkyaW85bVIySGE1UkNxWjI2bl8xRUdqMC1yYzJHQmh2eE1TSWxPQldNZ25RczVOTlBHODA3MG8?oc=5\" target=\"_blank\" rel=\"nofollow noopener\">A raz\u00e3o que fez Freddie Mercury se recusar a tocar cl\u00e1ssico do Queen: &#8220;Som horr\u00edvel&#8221;<\/a>&nbsp;&nbsp;Whiplash.Net Rock e Heavy Metal<\/li>\n<li><a href=\"https:\/\/news.google.com\/rss\/articles\/CBMihgJBVV95cUxQbGluWmY1OTRraG9iQUlaM2FSSE1fYTk4dzFNWUhFUGJGc0dIWUZ5aC1uQkx3YUNaZXBHd0t4S0dnWmJ0V2ZPRzBBcTZWUTMzaWFSZEVaMUhTN3Z1UmY4dVlfTFdqbEFpd0hKS1pqUWpqUjgxUjlYbjFSdXpFOEhLR25hV3BzaXBYVUZIbmppWkNyR0RmRjU3N2p3Y3pEa3k4VGplX1U5eEVLVC1pdThoeDd6SmpMdUhTX21NbndxT1FzZFBwNHVOZWF1WF9uNDYxdGdPRlJ3LVdHUnRhM0JTZTJqRGI4NXl2Sks3SGZZZVlXQnhuSVVoeU5DbGFCYUJCalVUNENn?oc=5\" target=\"_blank\" rel=\"nofollow noopener\">A raz\u00e3o pela qual Freddie Mercury \u2018odiava tocar Bohemian Rhapsody ao vivo\u2019 \u2013 e o verdadeiro significado por tr\u00e1s de suas letras<\/a>&nbsp;&nbsp;gamenexus.com.br<\/li>\n<li><a href=\"https:\/\/news.google.com\/rss\/articles\/CBMiZ0FVX3lxTFA2TzBTNkJIcEY0dU5HaHY5YVVvRFEwU1p0QTNwdUg1aGdfZGJMemtNeGVvVkloSkV5czZtWjNvLWJKMnlTb1VDdGRRcW5ocWREejc3ZjVPQW1USEVjN1BTT3FCbU94YWM?oc=5\" target=\"_blank\" rel=\"nofollow noopener\">A m\u00fasica do Queen que Freddie Mercury s\u00f3 tocava no &#8220;piano errado&#8221;<\/a>&nbsp;&nbsp;Whiplash.Net Rock e Heavy Metal<\/li>\n<\/ol>\n","protected":false},"excerpt":{"rendered":"O motivo pelo qual Freddie Mercury detestava cantar Bohemian Rhapsody ao vivo, revela amigo pr\u00f3ximo&nbsp;&nbsp;Globo A raz\u00e3o que&hellip;\n","protected":false},"author":2,"featured_media":153430,"comment_status":"","ping_status":"","sticky":false,"template":"","format":"standard","meta":{"footnotes":""},"categories":[141],"tags":[114,115,149,150,32,33],"class_list":{"0":"post-153429","1":"post","2":"type-post","3":"status-publish","4":"format-standard","5":"has-post-thumbnail","7":"category-musica","8":"tag-entertainment","9":"tag-entretenimento","10":"tag-music","11":"tag-musica","12":"tag-portugal","13":"tag-pt"},"share_on_mastodon":{"url":"https:\/\/pubeurope.com\/@pt\/115557276282934248","error":""},"_links":{"self":[{"href":"https:\/\/www.europesays.com\/pt\/wp-json\/wp\/v2\/posts\/153429","targetHints":{"allow":["GET"]}}],"collection":[{"href":"https:\/\/www.europesays.com\/pt\/wp-json\/wp\/v2\/posts"}],"about":[{"href":"https:\/\/www.europesays.com\/pt\/wp-json\/wp\/v2\/types\/post"}],"author":[{"embeddable":true,"href":"https:\/\/www.europesays.com\/pt\/wp-json\/wp\/v2\/users\/2"}],"replies":[{"embeddable":true,"href":"https:\/\/www.europesays.com\/pt\/wp-json\/wp\/v2\/comments?post=153429"}],"version-history":[{"count":0,"href":"https:\/\/www.europesays.com\/pt\/wp-json\/wp\/v2\/posts\/153429\/revisions"}],"wp:featuredmedia":[{"embeddable":true,"href":"https:\/\/www.europesays.com\/pt\/wp-json\/wp\/v2\/media\/153430"}],"wp:attachment":[{"href":"https:\/\/www.europesays.com\/pt\/wp-json\/wp\/v2\/media?parent=153429"}],"wp:term":[{"taxonomy":"category","embeddable":true,"href":"https:\/\/www.europesays.com\/pt\/wp-json\/wp\/v2\/categories?post=153429"},{"taxonomy":"post_tag","embeddable":true,"href":"https:\/\/www.europesays.com\/pt\/wp-json\/wp\/v2\/tags?post=153429"}],"curies":[{"name":"wp","href":"https:\/\/api.w.org\/{rel}","templated":true}]}}