{"id":15343,"date":"2025-08-04T10:36:31","date_gmt":"2025-08-04T10:36:31","guid":{"rendered":"https:\/\/www.europesays.com\/pt\/15343\/"},"modified":"2025-08-04T10:36:31","modified_gmt":"2025-08-04T10:36:31","slug":"desp-caldelas-de-luto-guarda-redes-jeferson-merli-morre-aos-27-anos","status":"publish","type":"post","link":"https:\/\/www.europesays.com\/pt\/15343\/","title":{"rendered":"Desp. Caldelas de luto: guarda-redes Jeferson Merli morre aos 27 anos"},"content":{"rendered":"<p style=\"margin-bottom:11px\">Jeferson Merli, de 27 anos, morreu na tarde de s\u00e1bado, numa praia fluvial do Parque Nacional da Peneda-Ger\u00eas, em Terras de Bouro. De acordo com o Jornal de Not\u00edcias, o guarda-redes do Desp. Caldelas foi v\u00edtima de afogamento e encontrado sem vida\u00a0pelas 21h30.<\/p>\n<p style=\"margin-bottom:11px\">Representava o Desp. Caldelas h\u00e1 um ano. Desde 2021, passou por Condor, \u00c1guias da Gra\u00e7a, AD Lage e Terras do Bouro.<\/p>\n<p>Este domingo, em comunicado, o Desp. Caldelas recorreu \u00e0s redes sociais.<\/p>\n<p>\u00ab\u00c9 com enorme tristeza e profundo pesar que recebemos a not\u00edcia do falecimento do nosso guarda-redes Jeferson Merli. O Jeferson, que recentemente tinha renovado com o nosso clube, deixa-nos n\u00e3o s\u00f3 a sua dedica\u00e7\u00e3o dentro de campo, mas tamb\u00e9m a amizade, o profissionalismo e o esp\u00edrito de uni\u00e3o que sempre o caraterizaram.\u00bb<\/p>\n<p>\u00abNeste momento de dor, o Caldelas manifesta a sua solidariedade e endere\u00e7a as mais sentidas condol\u00eancias \u00e0 fam\u00edlia, aos amigos e a todos aqueles que tiveram o privil\u00e9gio de com ele conviver. O nosso clube jamais esquecer\u00e1 a sua entrega e a marca que deixou em todos n\u00f3s. Descansa em paz, Jeferson.\u00bb<\/p>\n<p>O <strong>Maisfutebol <\/strong>apresenta sentidas condol\u00eancias a fam\u00edlia e amigos de Jeferson Merli.<\/p>\n","protected":false},"excerpt":{"rendered":"Jeferson Merli, de 27 anos, morreu na tarde de s\u00e1bado, numa praia fluvial do Parque Nacional da Peneda-Ger\u00eas,&hellip;\n","protected":false},"author":2,"featured_media":15344,"comment_status":"","ping_status":"","sticky":false,"template":"","format":"standard","meta":{"footnotes":""},"categories":[8],"tags":[27,28,6086,15,16,6087,14,25,26,1339,21,22,46,1437,12,13,19,20,32,23,24,33,47,17,18,29,30,31],"class_list":{"0":"post-15343","1":"post","2":"type-post","3":"status-publish","4":"format-standard","5":"has-post-thumbnail","7":"category-principais-noticias","8":"tag-breaking-news","9":"tag-breakingnews","10":"tag-caldelas","11":"tag-featured-news","12":"tag-featurednews","13":"tag-geres","14":"tag-headlines","15":"tag-latest-news","16":"tag-latestnews","17":"tag-luto","18":"tag-main-news","19":"tag-mainnews","20":"tag-maisfutebol","21":"tag-morte","22":"tag-news","23":"tag-noticias","24":"tag-noticias-principais","25":"tag-noticiasprincipais","26":"tag-portugal","27":"tag-principais-noticias","28":"tag-principaisnoticias","29":"tag-pt","30":"tag-pura-paixao","31":"tag-top-stories","32":"tag-topstories","33":"tag-ultimas","34":"tag-ultimas-noticias","35":"tag-ultimasnoticias"},"share_on_mastodon":{"url":"","error":""},"_links":{"self":[{"href":"https:\/\/www.europesays.com\/pt\/wp-json\/wp\/v2\/posts\/15343","targetHints":{"allow":["GET"]}}],"collection":[{"href":"https:\/\/www.europesays.com\/pt\/wp-json\/wp\/v2\/posts"}],"about":[{"href":"https:\/\/www.europesays.com\/pt\/wp-json\/wp\/v2\/types\/post"}],"author":[{"embeddable":true,"href":"https:\/\/www.europesays.com\/pt\/wp-json\/wp\/v2\/users\/2"}],"replies":[{"embeddable":true,"href":"https:\/\/www.europesays.com\/pt\/wp-json\/wp\/v2\/comments?post=15343"}],"version-history":[{"count":0,"href":"https:\/\/www.europesays.com\/pt\/wp-json\/wp\/v2\/posts\/15343\/revisions"}],"wp:featuredmedia":[{"embeddable":true,"href":"https:\/\/www.europesays.com\/pt\/wp-json\/wp\/v2\/media\/15344"}],"wp:attachment":[{"href":"https:\/\/www.europesays.com\/pt\/wp-json\/wp\/v2\/media?parent=15343"}],"wp:term":[{"taxonomy":"category","embeddable":true,"href":"https:\/\/www.europesays.com\/pt\/wp-json\/wp\/v2\/categories?post=15343"},{"taxonomy":"post_tag","embeddable":true,"href":"https:\/\/www.europesays.com\/pt\/wp-json\/wp\/v2\/tags?post=15343"}],"curies":[{"name":"wp","href":"https:\/\/api.w.org\/{rel}","templated":true}]}}