{"id":153431,"date":"2025-11-16T03:35:20","date_gmt":"2025-11-16T03:35:20","guid":{"rendered":"https:\/\/www.europesays.com\/pt\/153431\/"},"modified":"2025-11-16T03:35:20","modified_gmt":"2025-11-16T03:35:20","slug":"mundial-sub-17-portugal-vence-belgica-e-apura-se-para-os-oitavos-de-final","status":"publish","type":"post","link":"https:\/\/www.europesays.com\/pt\/153431\/","title":{"rendered":"Mundial sub-17. Portugal vence B\u00e9lgica e apura-se para os oitavos de final"},"content":{"rendered":"<p>&#13;<br \/>\nO resultado do encontro foi definido ainda na primeira parte, quando o avan\u00e7ado An\u00edsio Cabral colocou Portugal a vencer por duas bolas de diferen\u00e7a, ao marcar aos 38 e 45+1 minutos, enquanto Noah Fernandez ainda reduziu para os belgas antes do intervalo, aos 45+5.&#13;\n<\/p>\n<p>&#13;<br \/>\nNos oitavos de final, a sele\u00e7\u00e3o nacional, campe\u00e3 europeia em t\u00edtulo, defronta, na ter\u00e7a-feira, dia 18 de novembro, o vencedor do encontro de hoje entre a Argentina e o M\u00e9xico.&#13;\n<\/p>\n<p>&#13;<br \/>\n<img decoding=\"async\" src=\"https:\/\/www.europesays.com\/pt\/wp-content\/uploads\/2025\/11\/0c1a58a8b42ce186500236f9e6e43aa5\"\/>(Foto:\u00a0Noushad Thekkayil &#8211; AFP)&#13;<\/p>\n","protected":false},"excerpt":{"rendered":"&#13; O resultado do encontro foi definido ainda na primeira parte, quando o avan\u00e7ado An\u00edsio Cabral colocou Portugal&hellip;\n","protected":false},"author":2,"featured_media":153432,"comment_status":"","ping_status":"","sticky":false,"template":"","format":"standard","meta":{"footnotes":""},"categories":[87],"tags":[3917,135,32,33,134],"class_list":{"0":"post-153431","1":"post","2":"type-post","3":"status-publish","4":"format-standard","5":"has-post-thumbnail","7":"category-desporto","8":"tag-belgica","9":"tag-desporto","10":"tag-portugal","11":"tag-pt","12":"tag-sports"},"share_on_mastodon":{"url":"https:\/\/pubeurope.com\/@pt\/115557284285455539","error":""},"_links":{"self":[{"href":"https:\/\/www.europesays.com\/pt\/wp-json\/wp\/v2\/posts\/153431","targetHints":{"allow":["GET"]}}],"collection":[{"href":"https:\/\/www.europesays.com\/pt\/wp-json\/wp\/v2\/posts"}],"about":[{"href":"https:\/\/www.europesays.com\/pt\/wp-json\/wp\/v2\/types\/post"}],"author":[{"embeddable":true,"href":"https:\/\/www.europesays.com\/pt\/wp-json\/wp\/v2\/users\/2"}],"replies":[{"embeddable":true,"href":"https:\/\/www.europesays.com\/pt\/wp-json\/wp\/v2\/comments?post=153431"}],"version-history":[{"count":0,"href":"https:\/\/www.europesays.com\/pt\/wp-json\/wp\/v2\/posts\/153431\/revisions"}],"wp:featuredmedia":[{"embeddable":true,"href":"https:\/\/www.europesays.com\/pt\/wp-json\/wp\/v2\/media\/153432"}],"wp:attachment":[{"href":"https:\/\/www.europesays.com\/pt\/wp-json\/wp\/v2\/media?parent=153431"}],"wp:term":[{"taxonomy":"category","embeddable":true,"href":"https:\/\/www.europesays.com\/pt\/wp-json\/wp\/v2\/categories?post=153431"},{"taxonomy":"post_tag","embeddable":true,"href":"https:\/\/www.europesays.com\/pt\/wp-json\/wp\/v2\/tags?post=153431"}],"curies":[{"name":"wp","href":"https:\/\/api.w.org\/{rel}","templated":true}]}}