{"id":153437,"date":"2025-11-16T03:47:14","date_gmt":"2025-11-16T03:47:14","guid":{"rendered":"https:\/\/www.europesays.com\/pt\/153437\/"},"modified":"2025-11-16T03:47:14","modified_gmt":"2025-11-16T03:47:14","slug":"o-real-motivo-por-tras-do-cancelamento-do-show-de-lady-gaga-em-2017-r7-entretenimento","status":"publish","type":"post","link":"https:\/\/www.europesays.com\/pt\/153437\/","title":{"rendered":"o real motivo por tr\u00e1s do cancelamento do show de Lady Gaga em 2017 \u2013 R7 Entretenimento"},"content":{"rendered":"<p>LEIA AQUI O RESUMO DA NOT\u00cdCIA<\/p>\n<ul class=\"b-article-body-custom-embed-brief-news__list\" style=\"margin: 0; padding-left: 20px; list-style-type: disc;\">\n<li>Lady Gaga cancelou seu show no Rock in Rio em 2017 devido a sintomas de fibromialgia e um surto psic\u00f3tico.<\/li>\n<li>A cantora revelou que atuou em &#8220;Nasce Uma Estrela&#8221; enquanto lidava com quest\u00f5es de sa\u00fade mental, usando estabilizadores de humor.<\/li>\n<li>Ela passou por um colapso total e precisou de tratamento psiqui\u00e1trico, o que a levou a cancelar a turn\u00ea um dia antes do evento no Brasil.<\/li>\n<li>Gaga expressou gratid\u00e3o por estar viva e saud\u00e1vel, destacando o apoio de seu parceiro Michael Polansky durante sua recupera\u00e7\u00e3o.<\/li>\n<\/ul>\n<p style=\"font-size: 0.8em; font-style: italic; text-align: right; margin-top: 15px; padding-bottom: 5px; margin-bottom: 0;\">Produzido pela Ri7a &#8211; a Intelig\u00eancia Artificial do R7<\/p>\n<p><img decoding=\"async\" data-chromatic=\"ignore\" alt=\"\" class=\"c-image\" loading=\"lazy\" src=\"https:\/\/www.europesays.com\/pt\/wp-content\/uploads\/2025\/11\/SRSE7CQ2TRCTBKE2JIFMXVK3JE.jpeg\"  width=\"1153\" height=\"752\"\/>Ap\u00f3s anos de tratamento, Gaga disse que se sente grata por estar viva e saud\u00e1vel Reprodu\u00e7\u00e3o\/Instagram\/@ladygaga <\/p>\n<p class=\"jarvics:base-text-neutral-high-400 base-text-[calc(theme(fontSize.xs)_*_var(--font-size,_1))] base-font-normal base-font-primary base-text-neutral-low-500 base-text-left\">A cantora <a href=\"https:\/\/www.r7.com\/tudo-sobre\/lady-gaga\/\" target=\"_self\" rel=\"nofollow noopener\" title=\"https:\/\/www.r7.com\/tudo-sobre\/lady-gaga\/\">Lady Gaga<\/a> revelou o verdadeiro motivo pelo qual cancelou o show no Rock in Rio, em 2017. Na \u00e9poca, ela disse que estava com os <a href=\"https:\/\/noticias.r7.com\/brasilia\/lei-define-fibromialgia-como-deficiencia-em-todo-pais-a-partir-de-2026-25072025\/\" target=\"_self\" rel=\"nofollow noopener\" title=\"https:\/\/noticias.r7.com\/brasilia\/lei-define-fibromialgia-como-deficiencia-em-todo-pais-a-partir-de-2026-25072025\/\">sintomas da fibromialgia<\/a>, mas, em entrevista \u00e0 revista Rolling Stone nesta quinta-feira (13), contou que tamb\u00e9m enfrentava um <a href=\"https:\/\/www.r7.com\/tudo-sobre\/saude-mental\/\" target=\"_self\" rel=\"nofollow noopener\" title=\"https:\/\/www.r7.com\/tudo-sobre\/saude-mental\/\">surto psic\u00f3tico<\/a>.<\/p>\n<p class=\"jarvics:base-text-neutral-high-400 base-text-[calc(theme(fontSize.xs)_*_var(--font-size,_1))] base-font-normal base-font-primary base-text-neutral-low-500 base-text-left\">No mesmo per\u00edodo, Gaga tamb\u00e9m gravava o filme \u201cNasce Uma Estrela\u201d, ao lado de Bradley Cooper. Ela afirmou que, durante as filmagens, chegou a atuar sob o efeito de um estabilizador de humor.<\/p>\n<p class=\"jarvics:base-text-neutral-high-400 base-text-[calc(theme(fontSize.xs)_*_var(--font-size,_1))] base-font-normal base-font-primary base-text-neutral-low-500 base-text-left\">A cantora disse que a decis\u00e3o de cancelar a turn\u00ea foi dif\u00edcil, j\u00e1 que estava acostumada a aceitar tudo e n\u00e3o sabia dizer \u201cn\u00e3o\u201d. Depois de ir ao hospital para tratamento psiqui\u00e1trico, percebeu que precisava de uma pausa, porque estava em colapso.<\/p>\n<p class=\"jarvics:base-text-neutral-high-400 base-text-[calc(theme(fontSize.xs)_*_var(--font-size,_1))] base-font-normal base-font-primary base-text-neutral-low-500 base-text-left\">No Brasil, o an\u00fancio do cancelamento veio um dia antes do show, o que deixou muitos f\u00e3s frustrados. \u201cEu faria qualquer coisa por voc\u00eas, mas preciso cuidar do meu corpo agora\u201d, escreveu ela na ocasi\u00e3o, junto com a frase que virou meme: \u201cBrazil, I\u2019m devastated!\u201d (\u201cBrasil, estou devastada\u201d).<\/p>\n<blockquote class=\"twitter-tweet\">\n<p lang=\"en\" dir=\"ltr\">Brazil, I&#8217;m devastated that I&#8217;m not well enough 2 come to Rock In Rio. I would do anything 4 u but I have to take care of my body right now.<\/p>\n<p>\u2014 Lady Gaga (@ladygaga) <a href=\"https:\/\/twitter.com\/ladygaga\/status\/908396468821774336?ref_src=twsrc%5Etfw\" rel=\"nofollow noopener\" target=\"_blank\">September 14, 2017<\/a><\/p><\/blockquote>\n<p class=\"jarvics:base-text-neutral-high-400 base-text-[calc(theme(fontSize.xs)_*_var(--font-size,_1))] base-font-normal base-font-primary base-text-neutral-low-500 base-text-left\">Gaga chegou a pensar que n\u00e3o se recuperaria. Ap\u00f3s o surto, surgiram sintomas de dissocia\u00e7\u00e3o e estresse p\u00f3s-traum\u00e1tico que, mais tarde, evolu\u00edram para dores f\u00edsicas, crises cr\u00f4nicas de fibromialgia e ataques de p\u00e2nico. \u201cRespostas agudas a traumas e espirais mentais debilitantes que inclu\u00edram idea\u00e7\u00e3o suicida e comportamento masoquista\u201d, contou.<\/p>\n<p class=\"jarvics:base-text-neutral-high-400 base-text-[calc(theme(fontSize.xs)_*_var(--font-size,_1))] base-font-normal base-font-primary base-text-neutral-low-500 base-text-left\">\u201cPrecisava de algu\u00e9m que n\u00e3o me enxergasse por dentro, ou a estrela em que eu me tornaria, mas sim a escurid\u00e3o interior com a qual eu lutava\u201d. Segundo ela, o quadro se agravou porque demorou para buscar ajuda.<\/p>\n<p class=\"jarvics:base-text-neutral-high-400 base-text-[calc(theme(fontSize.xs)_*_var(--font-size,_1))] base-font-normal base-font-primary base-text-neutral-low-500 base-text-left\">Durante a entrevista, a cantora disse que se sente grata por estar viva e saud\u00e1vel, e agradeceu ao parceiro Michael Polansky por apoi\u00e1-la durante o longo processo para se estabilizar emocionalmente.<\/p>\n<p><video controls=\"\" class=\"video-js\" preload=\"metadata\" poster=\"https:\/\/d22yf0mxeu0gma.cloudfront.net\/11-14-2025\/t_85857087cae34a8fb679669b79fcc95d_name_TJCBSAJ4HBGGZJTULEX6JSW2U4.jpeg\" title=\"Lady Gaga e noivo afirmam que j&#xE1; se consideram casados, e cantora compartilha sonho da maternidade\" data-sprite-url=\"\" data-metadata=\"{&quot;title&quot;:&quot;Lady Gaga e noivo afirmam que j&#xE1; se consideram casados, e cantora compartilha sonho da maternidade&quot;,&quot;sectionName&quot;:&quot;R7&quot;,&quot;mainSection&quot;:&quot;M&#xFA;sica&quot;,&quot;subSection&quot;:&quot;&quot;,&quot;views&quot;:&quot;&quot;,&quot;disableAdv&quot;:&quot;false&quot;,&quot;createdDate&quot;:&quot;2025-11-14T11:39:30Z&quot;,&quot;mainSectionUrl&quot;:&quot;https:\/\/entretenimento.r7.com\/bang-showbiz\/video\/lady-gaga-e-noivo-afirmam-que-ja-se-consideram-casados-e-cantora-compartilha-sonho-da-maternidade-14112025\/&quot;,&quot;sectionPath&quot;:&quot;https:\/\/entretenimento.r7.com\/bang-showbiz&quot;,&quot;ageRating&quot;:&quot;&quot;,&quot;ageRatingDescription&quot;:&quot;&quot;,&quot;duration&quot;:109120,&quot;playerUrl&quot;:&quot;https:\/\/entretenimento.r7.com\/player\/ad975eff-0a3d-41d9-bf3a-7f6aa9ea70e1\/&quot;}\" data-player-params=\"{&quot;p&quot;:&quot;true&quot;,&quot;autoPlay&quot;:&quot;false&quot;,&quot;logo&quot;:&quot;true&quot;,&quot;playlistId&quot;:&quot;false&quot;,&quot;calhau&quot;:&quot;false&quot;,&quot;share&quot;:&quot;true&quot;,&quot;sz&quot;:&quot;false&quot;,&quot;full&quot;:&quot;true&quot;,&quot;customAdHash&quot;:&quot;\/7542\/R7entretenimento\/musica&quot;,&quot;referrerUrl&quot;:&quot;&quot;,&quot;externalLinks&quot;:&quot;true&quot;,&quot;debug&quot;:&quot;false&quot;,&quot;debugHash&quot;:&quot;false&quot;,&quot;debugRelated&quot;:&quot;false&quot;,&quot;timerRelated&quot;:&quot;true&quot;,&quot;logoRecord&quot;:&quot;false&quot;,&quot;contextModal&quot;:&quot;false&quot;,&quot;parentUrl&quot;:&quot;https:\/\/record.r7.com\/&quot;,&quot;t&quot;:&quot;0&quot;,&quot;noTitle&quot;:false,&quot;endBehavior&quot;:&quot;default&quot;}\" data-related-videos=\"\" data-player-url=\"https:\/\/entretenimento.r7.com\/player\/ad975eff-0a3d-41d9-bf3a-7f6aa9ea70e1\/\" data-arc-video=\"\" data-arc-id=\"ad975eff-0a3d-41d9-bf3a-7f6aa9ea70e1\" data-short=\"false\" style=\"visibility:hidden\"><\/video><\/p>\n<p class=\"jarvics:base-text-neutral-high-400 base-text-[calc(theme(fontSize.xs)_*_var(--font-size,_1))] base-font-normal base-font-primary base-text-neutral-low-500 base-text-left\"><b>Para saber tudo do mundo dos famosos, <\/b><a href=\"https:\/\/whatsapp.com\/channel\/0029Va9UfKcHQbRyCyhPt71R\" rel=\"nofollow noopener\" target=\"_blank\"><b>siga o canal de entretenimento do R7<\/b><\/a><b>, o portal de not\u00edcias da RECORD, no WhatsApp<\/b><\/p>\n<p><script async src=\"https:\/\/platform.twitter.com\/widgets.js\" charset=\"utf-8\"><\/script><\/p>\n","protected":false},"excerpt":{"rendered":"LEIA AQUI O RESUMO DA NOT\u00cdCIA Lady Gaga cancelou seu show no Rock in Rio em 2017 devido&hellip;\n","protected":false},"author":2,"featured_media":153438,"comment_status":"","ping_status":"","sticky":false,"template":"","format":"standard","meta":{"footnotes":""},"categories":[141],"tags":[114,115,3034,1277,149,150,32,33,574],"class_list":{"0":"post-153437","1":"post","2":"type-post","3":"status-publish","4":"format-standard","5":"has-post-thumbnail","7":"category-musica","8":"tag-entertainment","9":"tag-entretenimento","10":"tag-famosos-e-celebridades","11":"tag-lady-gaga","12":"tag-music","13":"tag-musica","14":"tag-portugal","15":"tag-pt","16":"tag-show"},"share_on_mastodon":{"url":"https:\/\/pubeurope.com\/@pt\/115557331535787867","error":""},"_links":{"self":[{"href":"https:\/\/www.europesays.com\/pt\/wp-json\/wp\/v2\/posts\/153437","targetHints":{"allow":["GET"]}}],"collection":[{"href":"https:\/\/www.europesays.com\/pt\/wp-json\/wp\/v2\/posts"}],"about":[{"href":"https:\/\/www.europesays.com\/pt\/wp-json\/wp\/v2\/types\/post"}],"author":[{"embeddable":true,"href":"https:\/\/www.europesays.com\/pt\/wp-json\/wp\/v2\/users\/2"}],"replies":[{"embeddable":true,"href":"https:\/\/www.europesays.com\/pt\/wp-json\/wp\/v2\/comments?post=153437"}],"version-history":[{"count":0,"href":"https:\/\/www.europesays.com\/pt\/wp-json\/wp\/v2\/posts\/153437\/revisions"}],"wp:featuredmedia":[{"embeddable":true,"href":"https:\/\/www.europesays.com\/pt\/wp-json\/wp\/v2\/media\/153438"}],"wp:attachment":[{"href":"https:\/\/www.europesays.com\/pt\/wp-json\/wp\/v2\/media?parent=153437"}],"wp:term":[{"taxonomy":"category","embeddable":true,"href":"https:\/\/www.europesays.com\/pt\/wp-json\/wp\/v2\/categories?post=153437"},{"taxonomy":"post_tag","embeddable":true,"href":"https:\/\/www.europesays.com\/pt\/wp-json\/wp\/v2\/tags?post=153437"}],"curies":[{"name":"wp","href":"https:\/\/api.w.org\/{rel}","templated":true}]}}