{"id":153456,"date":"2025-11-16T04:48:28","date_gmt":"2025-11-16T04:48:28","guid":{"rendered":"https:\/\/www.europesays.com\/pt\/153456\/"},"modified":"2025-11-16T04:48:28","modified_gmt":"2025-11-16T04:48:28","slug":"ex-noivo-de-sonia-jesus-ja-tem-um-novo-amor-o-encontro-que-levantou-suspeitas-secret-story","status":"publish","type":"post","link":"https:\/\/www.europesays.com\/pt\/153456\/","title":{"rendered":"Ex-noivo de S\u00f3nia Jesus j\u00e1 tem um novo amor? O \u201cencontro\u201d que levantou suspeitas &#8211; Secret Story"},"content":{"rendered":"<p style=\"margin-bottom:11px\">A <strong>separa\u00e7\u00e3o de S\u00f3nia Jesus e V\u00edtor Soares continua a gerar coment\u00e1rios e rea\u00e7\u00f5es<\/strong>. A <a href=\"https:\/\/tvi.iol.pt\/secretstory\/search?pagina=1&amp;pesquisa=sonia+jesus\" rel=\"nofollow noopener\" target=\"_blank\">ex-concorrente <\/a>j\u00e1 <a href=\"https:\/\/tvi.iol.pt\/secretstory\/sonia-jesus\/24-10-2025\/fim-dos-rumores-sonia-jesus-confirma-separacao-de-vitor-soares\" rel=\"nofollow noopener\" target=\"_blank\">confirmou o fim da rela\u00e7\u00e3o e, embora n\u00e3o tenham revelados os motivos da separa\u00e7\u00e3o<\/a>, garantiu que mant\u00e9m uma conviv\u00eancia \u00abcordial\u00bb com V\u00edtor Soares, com quem tem tr\u00eas filhos. Esta quarta-feira, dia 12 de novembro, num programa da \u2018CMTV\u2019, Maya adiantou pormenores sobre <strong>um alegado &#8216;encontro&#8217; com outra mulher.<\/strong><\/p>\n<p>A apresentadora referiu que trabalhou \u00abv\u00e1rios anos na noite\u00bb e acrescentou: \u00abTenho amigos espalhados pelo pa\u00eds todo e \u00e0s vezes as pessoas saem, v\u00e3o a certos s\u00edtios, a certas discotecas onde as pessoas s\u00e3o mais carinhosas. (\u2026) E, portanto, o Vit\u00f3 foi visto algumas vezes em s\u00edtios desses.\u00bb<\/p>\n<p>Durante a mesma interven\u00e7\u00e3o, Maya acrescentou mais um epis\u00f3dio que lhe ter\u00e1 sido relatado. Segundo disse, Vitor foi visto por uma amiga da apresentadora <strong>a jantar com \u00a0a s\u00f3s com uma mulher<\/strong>, o que levantou suspeitas de que o ex-noivo de<a href=\"http:\/\/tvi.iol.pt\/secretstory\/search?pagina=1&amp;pesquisa=sonia+jesus\" rel=\"nofollow noopener\" target=\"_blank\"> S\u00f3nia Jesus<\/a> <strong>j\u00e1 encontrou um novo amor.<\/strong><\/p>\n","protected":false},"excerpt":{"rendered":"A separa\u00e7\u00e3o de S\u00f3nia Jesus e V\u00edtor Soares continua a gerar coment\u00e1rios e rea\u00e7\u00f5es. A ex-concorrente j\u00e1 confirmou&hellip;\n","protected":false},"author":2,"featured_media":153457,"comment_status":"","ping_status":"","sticky":false,"template":"","format":"standard","meta":{"footnotes":""},"categories":[142],"tags":[18706,114,115,18705,32,33,20528,151,18704,25099],"class_list":{"0":"post-153456","1":"post","2":"type-post","3":"status-publish","4":"format-standard","5":"has-post-thumbnail","7":"category-tv","8":"tag-bastidores-secret-story","9":"tag-entertainment","10":"tag-entretenimento","11":"tag-entrevistas-concorrentes-tvi","12":"tag-portugal","13":"tag-pt","14":"tag-sonia-jesus","15":"tag-tv","16":"tag-vida-fora-da-casa","17":"tag-vitor-soares"},"share_on_mastodon":{"url":"https:\/\/pubeurope.com\/@pt\/115557571151568795","error":""},"_links":{"self":[{"href":"https:\/\/www.europesays.com\/pt\/wp-json\/wp\/v2\/posts\/153456","targetHints":{"allow":["GET"]}}],"collection":[{"href":"https:\/\/www.europesays.com\/pt\/wp-json\/wp\/v2\/posts"}],"about":[{"href":"https:\/\/www.europesays.com\/pt\/wp-json\/wp\/v2\/types\/post"}],"author":[{"embeddable":true,"href":"https:\/\/www.europesays.com\/pt\/wp-json\/wp\/v2\/users\/2"}],"replies":[{"embeddable":true,"href":"https:\/\/www.europesays.com\/pt\/wp-json\/wp\/v2\/comments?post=153456"}],"version-history":[{"count":0,"href":"https:\/\/www.europesays.com\/pt\/wp-json\/wp\/v2\/posts\/153456\/revisions"}],"wp:featuredmedia":[{"embeddable":true,"href":"https:\/\/www.europesays.com\/pt\/wp-json\/wp\/v2\/media\/153457"}],"wp:attachment":[{"href":"https:\/\/www.europesays.com\/pt\/wp-json\/wp\/v2\/media?parent=153456"}],"wp:term":[{"taxonomy":"category","embeddable":true,"href":"https:\/\/www.europesays.com\/pt\/wp-json\/wp\/v2\/categories?post=153456"},{"taxonomy":"post_tag","embeddable":true,"href":"https:\/\/www.europesays.com\/pt\/wp-json\/wp\/v2\/tags?post=153456"}],"curies":[{"name":"wp","href":"https:\/\/api.w.org\/{rel}","templated":true}]}}